{"id":110757,"date":"2023-06-19T10:41:04","date_gmt":"2023-06-19T15:41:04","guid":{"rendered":"https:\/\/nvnoticias.mx\/?p=110757"},"modified":"2023-06-19T10:41:06","modified_gmt":"2023-06-19T15:41:06","slug":"incluira-amlo-iniciativa-de-proteccion-animal-en-paquete-de-reforma-constitucionales","status":"publish","type":"post","link":"https:\/\/nvnoticias.mx\/index.php\/2023\/06\/19\/incluira-amlo-iniciativa-de-proteccion-animal-en-paquete-de-reforma-constitucionales\/","title":{"rendered":"Incluir\u00e1 AMLO iniciativa de protecci\u00f3n animal en paquete de reforma constitucionales"},"content":{"rendered":"\n<p>El presidente Andr\u00e9s Manuel L\u00f3pez Obrador inform\u00f3 este lunes que promover\u00e1 una reforma al Art\u00edculo 4 constitucional con el fin de garantizar las pensiones a adultos mayores as\u00ed como a los integrantes de grupos originarios a partir de los 65 a\u00f1os y no de los 68, y otra para establecer trato digno a los animales.<\/p>\n\n\n\n<blockquote class=\"wp-block-quote is-layout-flow wp-block-quote-is-layout-flow\"><p>\u201cTiene que modificarse en lo que tiene que ver con pensiones, porque se estableci\u00f3 que la pensi\u00f3n para adultos mayores se entregar\u00eda a partir de los 68 a\u00f1os y 65 a\u00f1os en comunidades ind\u00edgenas. Pero ya se est\u00e1 entregando a parti de los 65 de manera universal, sin embargo, en la Constituci\u00f3n qued\u00f3 68 a\u00f1os.<\/p><\/blockquote>\n\n\n\n<blockquote class=\"wp-block-quote is-layout-flow wp-block-quote-is-layout-flow\"><p>\u201cVamos a corregir eso y tambi\u00e9n lo de la discapacidad, que va a ser universal y esto que tiene que ver con el trato humano, respetuoso a los animales, entre otras cosas, para la reforma al art\u00edculo 4 de la Constituci\u00f3n. Es un paquete de iniciativas que voy a enviar a partir de septiembre, cuando inicie el nuevo periodo\u201d, expuso.<\/p><\/blockquote>\n\n\n\n<p>Estas consideraciones cobraron relevancia luego de la muerte de un perro en el Estado de M\u00e9xico a manos de un sujeto que lo lanz\u00f3 a un cazo de manteca hirviendo y que provoc\u00f3 su muerte instant\u00e1nea e indignaci\u00f3n de la sociedad.<\/p>\n\n\n\n<p>De igual forma, coment\u00f3, se atender\u00e1 a los productores de miel en el Pen\u00ednsula de Yucat\u00e1n as\u00ed como el maltrato que reciben abejas para la actividad de apicultura por el uso de herbicidas nocivos, como el glifosato, que est\u00e1 prohibido en M\u00e9xico.<\/p>\n\n\n\n<blockquote class=\"wp-block-quote is-layout-flow wp-block-quote-is-layout-flow\"><p>\u201cSin embargo, a veces, por sus actividades productivas no se respeta la naturaleza, usan agroqu\u00edmicos y transg\u00e9nicos y no se cumple con el marco legal. Aprovecho para hacerles un llamado, porque no queremos la confrontaci\u00f3n legal, que la Profepa sancione, no. Todos hay que ayudar a que se cumpla con la legalidad y se cuide la naturaleza\u201d, sostuvo el jefe del Ejecutivo federal.<\/p><\/blockquote>\n\n\n\n<p>El a\u00f1o pasado, la C\u00e1mara de Diputados modific\u00f3 la Ley General de Vida Silvestre para prohibir los espect\u00e1culos fijos e itinerantes que utilicen mam\u00edferos marinos -como delfines, focas, nutrias-, as\u00ed como cualquier actividad cuya finalidad no sea la investigaci\u00f3n cient\u00edfica o la ense\u00f1anza para su conservaci\u00f3n y preservaci\u00f3n.<\/p>\n\n\n\n<p>Fuente: <a href=\"https:\/\/www.forbes.com.mx\/amlo-promovera-dos-reformas-constitucionales-una-para-dar-trato-humano-a-animales-y-otra-para-corregir-pensiones\/\" data-type=\"URL\" data-id=\"https:\/\/www.forbes.com.mx\/amlo-promovera-dos-reformas-constitucionales-una-para-dar-trato-humano-a-animales-y-otra-para-corregir-pensiones\/\">Forbes<\/a> <\/p>\n","protected":false},"excerpt":{"rendered":"<p>El presidente Andr\u00e9s Manuel L\u00f3pez Obrador inform\u00f3 este lunes que promover\u00e1 una reforma al Art\u00edculo 4 constitucional con el fin de garantizar las pensiones a adultos mayores as\u00ed como a los integrantes de grupos originarios a partir de los 65 a\u00f1os y no de los 68, y otra para establecer trato digno a los animales. [&hellip;]<\/p>\n","protected":false},"author":35,"featured_media":19138,"comment_status":"open","ping_status":"open","sticky":false,"template":"","format":"standard","meta":{"_monsterinsights_skip_tracking":false,"_monsterinsights_sitenote_active":false,"_monsterinsights_sitenote_note":"","_monsterinsights_sitenote_category":0,"footnotes":""},"categories":[158],"tags":[188,21841,1260,162,25610,20282],"class_list":["post-110757","post","type-post","status-publish","format-standard","has-post-thumbnail","hentry","category-politica","tag-amlo","tag-incluira","tag-iniciativa","tag-portada","tag-proteccion-a-animales","tag-reforma-constitucional","wp-image-borders"],"amp_enabled":true,"_links":{"self":[{"href":"https:\/\/nvnoticias.mx\/index.php\/wp-json\/wp\/v2\/posts\/110757","targetHints":{"allow":["GET"]}}],"collection":[{"href":"https:\/\/nvnoticias.mx\/index.php\/wp-json\/wp\/v2\/posts"}],"about":[{"href":"https:\/\/nvnoticias.mx\/index.php\/wp-json\/wp\/v2\/types\/post"}],"author":[{"embeddable":true,"href":"https:\/\/nvnoticias.mx\/index.php\/wp-json\/wp\/v2\/users\/35"}],"replies":[{"embeddable":true,"href":"https:\/\/nvnoticias.mx\/index.php\/wp-json\/wp\/v2\/comments?post=110757"}],"version-history":[{"count":4,"href":"https:\/\/nvnoticias.mx\/index.php\/wp-json\/wp\/v2\/posts\/110757\/revisions"}],"predecessor-version":[{"id":110761,"href":"https:\/\/nvnoticias.mx\/index.php\/wp-json\/wp\/v2\/posts\/110757\/revisions\/110761"}],"wp:featuredmedia":[{"embeddable":true,"href":"https:\/\/nvnoticias.mx\/index.php\/wp-json\/wp\/v2\/media\/19138"}],"wp:attachment":[{"href":"https:\/\/nvnoticias.mx\/index.php\/wp-json\/wp\/v2\/media?parent=110757"}],"wp:term":[{"taxonomy":"category","embeddable":true,"href":"https:\/\/nvnoticias.mx\/index.php\/wp-json\/wp\/v2\/categories?post=110757"},{"taxonomy":"post_tag","embeddable":true,"href":"https:\/\/nvnoticias.mx\/index.php\/wp-json\/wp\/v2\/tags?post=110757"}],"curies":[{"name":"wp","href":"https:\/\/api.w.org\/{rel}","templated":true}]}}