{"id":110748,"date":"2023-06-19T10:24:30","date_gmt":"2023-06-19T15:24:30","guid":{"rendered":"https:\/\/nvnoticias.mx\/?p=110748"},"modified":"2023-06-19T10:24:32","modified_gmt":"2023-06-19T15:24:32","slug":"arrancan-las-corcholatas-hoy-sus-recorridos-por-todo-el-pais","status":"publish","type":"post","link":"https:\/\/nvnoticias.mx\/index.php\/2023\/06\/19\/arrancan-las-corcholatas-hoy-sus-recorridos-por-todo-el-pais\/","title":{"rendered":"Arrancan las corcholatas hoy sus recorridos por todo el pa\u00eds"},"content":{"rendered":"\n<p>Los aspirantes de Morena a la candidatura presidencial, Marcelo Ebrard, Claudia Sheinbaum, Ad\u00e1n Augusto L\u00f3pez y Ricardo Monreal, arrancan hoy sus recorridos por todo el pa\u00eds, previo a la encuesta del partido para elegir al abanderado de la 4T.<\/p>\n\n\n\n<p>El ex secretario de Relaciones Exteriores Marcelo Ebrard iniciar\u00e1 con un evento en Ciudad de M\u00e9xico hoy a las 11:30 horas en el Hotel Hilton Alameda, ubicado en la colonia Centro, alcald\u00eda Cuauht\u00e9moc.<\/p>\n\n\n\n<p>El viernes pasado, Ebrard se\u00f1al\u00f3 en un video en redes sociales que habr\u00e1 sorpresas en el evento.<\/p>\n\n\n\n<blockquote class=\"wp-block-quote is-layout-flow wp-block-quote-is-layout-flow\"><p>\u201cMe dieron una idea fant\u00e1stica para el lunes, la van a ver, va a estar muy buena, y se la debo a ustedes, much\u00edsimas gracias, son mis asesores de campa\u00f1a.<\/p><\/blockquote>\n\n\n\n<blockquote class=\"wp-block-quote is-layout-flow wp-block-quote-is-layout-flow\"><p><br>\u201cMe dicen: \u2018\u00bfQui\u00e9n te asesora en la campa\u00f1a?\u2019 Ustedes, muchas gracias de veras (\u2026) estamos muy contentos, el lunes nos vemos, sorpresas va a haber\u201d, expuso.<br><\/p><\/blockquote>\n\n\n\n<p>En tanto, la ex jefa de Gobierno Claudia Sheinbaum iniciar\u00e1 sus recorridos hoy en Oaxaca.<\/p>\n\n\n\n<p>A las 10:30 horas sostendr\u00e1 un encuentro ciudadano en San Juan Bautista Tuxtepec; a las 17:30 horas participar\u00e1 en la tradicional Calenda y finalizar\u00e1 su recorrido a las 16:00 horas en el z\u00f3calo de la entidad.<\/p>\n\n\n\n<p>A unas horas de iniciar los recorridos por el pa\u00eds, la ex mandataria capitalina public\u00f3 a trav\u00e9s de su cuenta de Twitter que difundir\u00e1 el legado de la cuarta transformaci\u00f3n a lo largo del territorio nacional.<\/p>\n\n\n\n<p>En el texto se lee que \u201cest\u00e1 comprometida con los principios de su movimiento: no mentir, no robar y no traicionar al pueblo. As\u00ed gobern\u00e9 la ciudad y as\u00ed me seguir\u00e9 conduciendo\u201d.<\/p>\n\n\n\n<p><br>El tuit contiene un fragmento del discurso que emiti\u00f3 durante su registro en el proceso interno de su partido el viernes 16 de junio, en el que indic\u00f3 que respetar\u00e1 los resultados de la encuesta, la cual \u201cser\u00e1 inapelable\u201d.<\/p>\n\n\n\n<p>Asimismo, asegur\u00f3 que escuchar\u00e1 al pueblo para resolver sus demandas y privilegiar\u00e1 a los sectores m\u00e1s pobres y vulnerables.<\/p>\n\n\n\n<p>En el video, de aproximadamente siete minutos, reiter\u00f3 su compromiso de respetar a los dem\u00e1s aspirantes.<\/p>\n\n\n\n<blockquote class=\"wp-block-quote is-layout-flow wp-block-quote-is-layout-flow\"><p>\u201cDeclaro que me abstendr\u00e9 de formular descalificaciones al proceso de selecci\u00f3n en el que participar\u00e9 y que no buscar\u00e9 inclinar a mi favor las determinaciones y los actos de los \u00f3rganos de direcci\u00f3n de Morena; particularmente, evitar\u00e9 entablar cualquier comunicaci\u00f3n directa o indirecta con los integrantes de la Comisi\u00f3n de Encuestas\u201d.<\/p><\/blockquote>\n\n\n\n<p><br>Por su parte, el ex secretario de Gobernaci\u00f3n Ad\u00e1n Augusto L\u00f3pez empezar\u00e1 su gira de dos meses y medio con tres actos en el estado de Jalisco.<\/p>\n\n\n\n<p>De acuerdo con su agenda de actividades, el tabasque\u00f1o iniciar\u00e1 con una asamblea informativa en Puerto Vallarta a las 10:00 horas, estar\u00e1 a las 13:00 horas en la Universidad de Guadalajara y a las 17:00 horas encabezar\u00e1 otro acto en la capital jalisciense.<\/p>\n\n\n\n<p>En su cuenta de Twitter, L\u00f3pez Hern\u00e1ndez record\u00f3 que el presidente Andr\u00e9s Manuel L\u00f3pez Obrador le relev\u00f3 como secretario de Gobernaci\u00f3n de su administraci\u00f3n y, en dicha red social, public\u00f3 un video en el que se le ve leyendo la carta que le entreg\u00f3 al mandatario para renunciar al cargo.<\/p>\n\n\n\n<blockquote class=\"wp-block-quote is-layout-flow wp-block-quote-is-layout-flow\"><p>\u201cYo prefiero pedirle que, si est\u00e1 en su agrado, me releve de este cargo para as\u00ed atender con la tenacidad, los valores y el compromiso hist\u00f3rico que usted sembr\u00f3, el encargo de profundizar la cuarta transformaci\u00f3n de la vida p\u00fablica nacional.<\/p><\/blockquote>\n\n\n\n<blockquote class=\"wp-block-quote is-layout-flow wp-block-quote-is-layout-flow\"><p><br>\u201cLe ruego que no crea que busco algo mejor o m\u00e1s grande que el privilegio de acompa\u00f1arlo, todo lo contrario. La realidad es que usted ya ha hecho m\u00e1s que suficiente por todas y por todos nosotros\u201d, expuso.<br><\/p><\/blockquote>\n\n\n\n<p>Finalmente, as\u00ed como el ex canciller, el senador con licencia, Ricardo Monreal, iniciar\u00e1 sus actividades este lunes en Ciudad de M\u00e9xico, con un encuentro ciudadano en el Monumento a la Madre, en la delegaci\u00f3n Cuauht\u00e9moc, a las cuatro y media de la tarde.<\/p>\n\n\n\n<p>Fuente: <a href=\"https:\/\/www.milenio.com\/politica\/arrancan-hoy-las-corcholatas-sus-recorridos-por-todo-el-pais\" data-type=\"URL\" data-id=\"https:\/\/www.milenio.com\/politica\/arrancan-hoy-las-corcholatas-sus-recorridos-por-todo-el-pais\">Milenio<\/a> <br><\/p>\n","protected":false},"excerpt":{"rendered":"<p>Los aspirantes de Morena a la candidatura presidencial, Marcelo Ebrard, Claudia Sheinbaum, Ad\u00e1n Augusto L\u00f3pez y Ricardo Monreal, arrancan hoy sus recorridos por todo el pa\u00eds, previo a la encuesta del partido para elegir al abanderado de la 4T. El ex secretario de Relaciones Exteriores Marcelo Ebrard iniciar\u00e1 con un evento en Ciudad de M\u00e9xico [&hellip;]<\/p>\n","protected":false},"author":35,"featured_media":96967,"comment_status":"open","ping_status":"open","sticky":false,"template":"","format":"standard","meta":{"_monsterinsights_skip_tracking":false,"_monsterinsights_sitenote_active":false,"_monsterinsights_sitenote_note":"","_monsterinsights_sitenote_category":0,"footnotes":""},"categories":[158],"tags":[11674,17373,5203,162,13433],"class_list":["post-110748","post","type-post","status-publish","format-standard","has-post-thumbnail","hentry","category-politica","tag-arrancan","tag-corcholatas","tag-pais","tag-portada","tag-recorridos","wp-image-borders"],"amp_enabled":true,"_links":{"self":[{"href":"https:\/\/nvnoticias.mx\/index.php\/wp-json\/wp\/v2\/posts\/110748","targetHints":{"allow":["GET"]}}],"collection":[{"href":"https:\/\/nvnoticias.mx\/index.php\/wp-json\/wp\/v2\/posts"}],"about":[{"href":"https:\/\/nvnoticias.mx\/index.php\/wp-json\/wp\/v2\/types\/post"}],"author":[{"embeddable":true,"href":"https:\/\/nvnoticias.mx\/index.php\/wp-json\/wp\/v2\/users\/35"}],"replies":[{"embeddable":true,"href":"https:\/\/nvnoticias.mx\/index.php\/wp-json\/wp\/v2\/comments?post=110748"}],"version-history":[{"count":2,"href":"https:\/\/nvnoticias.mx\/index.php\/wp-json\/wp\/v2\/posts\/110748\/revisions"}],"predecessor-version":[{"id":110750,"href":"https:\/\/nvnoticias.mx\/index.php\/wp-json\/wp\/v2\/posts\/110748\/revisions\/110750"}],"wp:featuredmedia":[{"embeddable":true,"href":"https:\/\/nvnoticias.mx\/index.php\/wp-json\/wp\/v2\/media\/96967"}],"wp:attachment":[{"href":"https:\/\/nvnoticias.mx\/index.php\/wp-json\/wp\/v2\/media?parent=110748"}],"wp:term":[{"taxonomy":"category","embeddable":true,"href":"https:\/\/nvnoticias.mx\/index.php\/wp-json\/wp\/v2\/categories?post=110748"},{"taxonomy":"post_tag","embeddable":true,"href":"https:\/\/nvnoticias.mx\/index.php\/wp-json\/wp\/v2\/tags?post=110748"}],"curies":[{"name":"wp","href":"https:\/\/api.w.org\/{rel}","templated":true}]}}