{"id":110731,"date":"2023-06-18T17:14:40","date_gmt":"2023-06-18T22:14:40","guid":{"rendered":"https:\/\/nvnoticias.mx\/?p=110731"},"modified":"2023-06-18T17:14:41","modified_gmt":"2023-06-18T22:14:41","slug":"hoteleros-tambien-buscan-que-se-acabe-con-los-apagones","status":"publish","type":"post","link":"https:\/\/nvnoticias.mx\/index.php\/2023\/06\/18\/hoteleros-tambien-buscan-que-se-acabe-con-los-apagones\/","title":{"rendered":"Hoteleros tambi\u00e9n buscan que se acabe con los apagones"},"content":{"rendered":"\n<p><br><strong>Jes\u00fas Utrilla | NV Noticias <\/strong><\/p>\n\n\n\n<p>Los hoteles de la zona conurbada Veracruz-Boca Del R\u00edo no han quedado ajenos a la falta de energ\u00eda el\u00e9ctrica. Cesar Alfonso Mu\u00f1iz Cuervo, presidente de la Asociaci\u00f3n de Hoteles y Moteles en la zona conurbada, se\u00f1al\u00f3 que en el \u00faltimo evento algunos estuvieron sin electricidad hasta por 15 horas.<\/p>\n\n\n\n<p>Esto gener\u00f3 la molestia de algunos hu\u00e9spedes, pues quienes pensaban estar varios d\u00edas acortaron su estancia, sin embargo, admiti\u00f3 que en otros casos, el cliente fue comprensivo al darse cuenta que se trataba de una situaci\u00f3n generalizada.<\/p>\n\n\n\n<blockquote class=\"wp-block-quote is-layout-flow wp-block-quote-is-layout-flow\"><p>\u201cS\u00ed es un tema que afecta de manera general en la ciudad. Con los calores el tema de la energ\u00eda es complicada y tambi\u00e9n afecta a los hoteles. Tengo que decir que ya tuvimos un acercamiento con CFE y est\u00e1n al tanto de las inquietudes de nosotros y de la sociedad\u201d.<\/p><\/blockquote>\n\n\n\n<p>La \u00faltima vez que se quedaron sin electricidad fue hace un mes. Los m\u00e1s afectados suelen ser los hoteles que se ubican en la zona aleda\u00f1a a Plaza Acuario y tambi\u00e9n por la avenida Cuauht\u00e9moc.<\/p>\n\n\n\n<blockquote class=\"wp-block-quote is-layout-flow wp-block-quote-is-layout-flow\"><p>\u201cEl \u00faltimo apag\u00f3n fue cuando hubo un evento de norte muy fuerte, creo que hace un mes, algunos hoteles se quedaron sin energ\u00eda hasta por 10 horas, sobre todo los que est\u00e1n m\u00e1s pegados a la zona del Acuario, en esa zona se va seguido y en la zona de Cuauht\u00e9moc donde esa vez se quedaron hasta 16 horas sin energ\u00eda el\u00e9ctrica\u201d.<\/p><\/blockquote>\n\n\n\n<p>Aclar\u00f3 que recientemente los asociados no reportaron cortes de energ\u00eda el\u00e9ctrica en los hoteles. La \u00faltima ocasi\u00f3n fue hace un mes por evento de norte, se\u00f1al\u00f3 el empresario.<\/p>\n\n\n\n<p>Cada hotel busca resarcir la afectaci\u00f3n para que el cliente no quede inconforme y molesto.<\/p>\n\n\n\n<blockquote class=\"wp-block-quote is-layout-flow wp-block-quote-is-layout-flow\"><p>\u201cEstamos conscientes que se est\u00e1 tratando de resolver la problem\u00e1tica y que no es f\u00e1cil porque implica transformadores y temas completos de la red. Lo importante es ver que s\u00ed hay respuesta de la CFE y poco a poco se ir\u00e1 componiendo\u201d.<\/p><\/blockquote>\n","protected":false},"excerpt":{"rendered":"<p>Jes\u00fas Utrilla | NV Noticias Los hoteles de la zona conurbada Veracruz-Boca Del R\u00edo no han quedado ajenos a la falta de energ\u00eda el\u00e9ctrica. Cesar Alfonso Mu\u00f1iz Cuervo, presidente de la Asociaci\u00f3n de Hoteles y Moteles en la zona conurbada, se\u00f1al\u00f3 que en el \u00faltimo evento algunos estuvieron sin electricidad hasta por 15 horas. Esto [&hellip;]<\/p>\n","protected":false},"author":6,"featured_media":107529,"comment_status":"open","ping_status":"open","sticky":false,"template":"","format":"standard","meta":{"_monsterinsights_skip_tracking":false,"_monsterinsights_sitenote_active":false,"_monsterinsights_sitenote_note":"","_monsterinsights_sitenote_category":0,"footnotes":""},"categories":[154],"tags":[1502,2223],"class_list":["post-110731","post","type-post","status-publish","format-standard","has-post-thumbnail","hentry","category-veracruz","tag-apagones","tag-hoteleros","wp-image-borders"],"amp_enabled":true,"_links":{"self":[{"href":"https:\/\/nvnoticias.mx\/index.php\/wp-json\/wp\/v2\/posts\/110731","targetHints":{"allow":["GET"]}}],"collection":[{"href":"https:\/\/nvnoticias.mx\/index.php\/wp-json\/wp\/v2\/posts"}],"about":[{"href":"https:\/\/nvnoticias.mx\/index.php\/wp-json\/wp\/v2\/types\/post"}],"author":[{"embeddable":true,"href":"https:\/\/nvnoticias.mx\/index.php\/wp-json\/wp\/v2\/users\/6"}],"replies":[{"embeddable":true,"href":"https:\/\/nvnoticias.mx\/index.php\/wp-json\/wp\/v2\/comments?post=110731"}],"version-history":[{"count":1,"href":"https:\/\/nvnoticias.mx\/index.php\/wp-json\/wp\/v2\/posts\/110731\/revisions"}],"predecessor-version":[{"id":110732,"href":"https:\/\/nvnoticias.mx\/index.php\/wp-json\/wp\/v2\/posts\/110731\/revisions\/110732"}],"wp:featuredmedia":[{"embeddable":true,"href":"https:\/\/nvnoticias.mx\/index.php\/wp-json\/wp\/v2\/media\/107529"}],"wp:attachment":[{"href":"https:\/\/nvnoticias.mx\/index.php\/wp-json\/wp\/v2\/media?parent=110731"}],"wp:term":[{"taxonomy":"category","embeddable":true,"href":"https:\/\/nvnoticias.mx\/index.php\/wp-json\/wp\/v2\/categories?post=110731"},{"taxonomy":"post_tag","embeddable":true,"href":"https:\/\/nvnoticias.mx\/index.php\/wp-json\/wp\/v2\/tags?post=110731"}],"curies":[{"name":"wp","href":"https:\/\/api.w.org\/{rel}","templated":true}]}}