{"id":110657,"date":"2023-06-17T18:40:35","date_gmt":"2023-06-17T23:40:35","guid":{"rendered":"https:\/\/nvnoticias.mx\/?p=110657"},"modified":"2023-06-17T18:40:36","modified_gmt":"2023-06-17T23:40:36","slug":"aunque-en-el-imss-de-cuauhtemoc-no-funcionan-los-climas-no-permiten-ingresar-ventiladores-usados","status":"publish","type":"post","link":"https:\/\/nvnoticias.mx\/index.php\/2023\/06\/17\/aunque-en-el-imss-de-cuauhtemoc-no-funcionan-los-climas-no-permiten-ingresar-ventiladores-usados\/","title":{"rendered":"Aunque en el IMSS de Cuauht\u00e9moc no funcionan los climas, no permiten ingresar ventiladores usados"},"content":{"rendered":"\n<p><strong>Jes\u00fas Utrilla \/ NV Noticias <\/strong><\/p>\n\n\n\n<p>En el IMSS de Cuauht\u00e9moc tampoco hay climas y solo pueden ingresar ventiladores nuevos, acusaron familiares de pacientes internados.<\/p>\n\n\n\n<p>La se\u00f1ora Juana dijo que tienen una semana con una persona internada en neurocirug\u00eda y no hay aire acondicionado. <\/p>\n\n\n\n<p>Solicitaron permiso para meter un ventilador pero les pidieron que fuera nuevo, que lo llevaran con caja y el ticket de compra.Pero adem\u00e1s para ingresarlo tuvo que hacer un tr\u00e1mite m\u00e1s ya que el polic\u00eda de la entrada no permiti\u00f3 introducir el equipo porque necesitaba otro oficio directamente del m\u00e9dico que atiende al enfermo.<\/p>\n\n\n\n<blockquote class=\"wp-block-quote is-layout-flow wp-block-quote-is-layout-flow\"><p>\u201cPara ingresar el ventilador tiene que ser nuevo, viejo no. Tiene que ser nuevecito, con caja y ticket. No es suficiente un ventilador, sobre todo cuando est\u00e1n reci\u00e9n operados\u201d.<\/p><\/blockquote>\n\n\n\n<p>La se\u00f1ora Georgina tiene a su hija internada, quien le pidi\u00f3 un ventilador debido a que no aguantaba el calor.<\/p>\n\n\n\n<blockquote class=\"wp-block-quote is-layout-flow wp-block-quote-is-layout-flow\"><p>\u201cPor las infecciones no se pueden abrir las ventanas. Supongo que hay \u00e1reas con climas pero en los cub\u00edculos no. Hay \u00e1reas que se ve que si abren las ventanas pero no se cu\u00e1les sean. Mi hija me dijo: mami, a ver si puedes traerme pronto el ventilador porque ya no soporto\u201d.<\/p><\/blockquote>\n\n\n\n<p>Cabe recordar que en la zona conurbada Veracruz- Boca del R\u00edo la sensaci\u00f3n t\u00e9rmica super\u00f3 los 41 grados en los \u00faltimos d\u00edas. <\/p>\n\n\n\n<p>En el Hospital de Alta Especialidad de Veracruz tambi\u00e9n se quejaron de la falta de climas.<\/p>\n","protected":false},"excerpt":{"rendered":"<p>Jes\u00fas Utrilla \/ NV Noticias En el IMSS de Cuauht\u00e9moc tampoco hay climas y solo pueden ingresar ventiladores nuevos, acusaron familiares de pacientes internados. La se\u00f1ora Juana dijo que tienen una semana con una persona internada en neurocirug\u00eda y no hay aire acondicionado. Solicitaron permiso para meter un ventilador pero les pidieron que fuera nuevo, [&hellip;]<\/p>\n","protected":false},"author":8,"featured_media":110658,"comment_status":"open","ping_status":"open","sticky":false,"template":"","format":"standard","meta":{"_monsterinsights_skip_tracking":false,"_monsterinsights_sitenote_active":false,"_monsterinsights_sitenote_note":"","_monsterinsights_sitenote_category":0,"footnotes":""},"categories":[154],"tags":[25803],"class_list":["post-110657","post","type-post","status-publish","format-standard","has-post-thumbnail","hentry","category-veracruz","tag-imss-cuauhtemoc","wp-image-borders"],"amp_enabled":true,"_links":{"self":[{"href":"https:\/\/nvnoticias.mx\/index.php\/wp-json\/wp\/v2\/posts\/110657","targetHints":{"allow":["GET"]}}],"collection":[{"href":"https:\/\/nvnoticias.mx\/index.php\/wp-json\/wp\/v2\/posts"}],"about":[{"href":"https:\/\/nvnoticias.mx\/index.php\/wp-json\/wp\/v2\/types\/post"}],"author":[{"embeddable":true,"href":"https:\/\/nvnoticias.mx\/index.php\/wp-json\/wp\/v2\/users\/8"}],"replies":[{"embeddable":true,"href":"https:\/\/nvnoticias.mx\/index.php\/wp-json\/wp\/v2\/comments?post=110657"}],"version-history":[{"count":1,"href":"https:\/\/nvnoticias.mx\/index.php\/wp-json\/wp\/v2\/posts\/110657\/revisions"}],"predecessor-version":[{"id":110659,"href":"https:\/\/nvnoticias.mx\/index.php\/wp-json\/wp\/v2\/posts\/110657\/revisions\/110659"}],"wp:featuredmedia":[{"embeddable":true,"href":"https:\/\/nvnoticias.mx\/index.php\/wp-json\/wp\/v2\/media\/110658"}],"wp:attachment":[{"href":"https:\/\/nvnoticias.mx\/index.php\/wp-json\/wp\/v2\/media?parent=110657"}],"wp:term":[{"taxonomy":"category","embeddable":true,"href":"https:\/\/nvnoticias.mx\/index.php\/wp-json\/wp\/v2\/categories?post=110657"},{"taxonomy":"post_tag","embeddable":true,"href":"https:\/\/nvnoticias.mx\/index.php\/wp-json\/wp\/v2\/tags?post=110657"}],"curies":[{"name":"wp","href":"https:\/\/api.w.org\/{rel}","templated":true}]}}