{"id":110648,"date":"2023-06-17T14:46:02","date_gmt":"2023-06-17T19:46:02","guid":{"rendered":"https:\/\/nvnoticias.mx\/?p=110648"},"modified":"2023-06-17T14:46:04","modified_gmt":"2023-06-17T19:46:04","slug":"balacera-en-las-bajadas-veracruz-deja-un-policia-muerto-y-dos-heridos","status":"publish","type":"post","link":"https:\/\/nvnoticias.mx\/index.php\/2023\/06\/17\/balacera-en-las-bajadas-veracruz-deja-un-policia-muerto-y-dos-heridos\/","title":{"rendered":"Balacera en Las Bajadas, Veracruz deja un polic\u00eda muerto y dos heridos"},"content":{"rendered":"\n<p>Un grupo de sujetos armados se enfrentaron contra elementos de la polic\u00eda estatal sobre la carretera federal 140 Veracruz-Xalapa a la altura de la base aeronaval de Las Bajadas, lo cual dej\u00f3 un saldo de un oficial herido y dos lesionados.<\/p>\n\n\n\n<p>Luego de la balacera registrada en la tarde de este s\u00e1bado, se confirm\u00f3 que uno de los agentes involucrados en este violento hecho perdi\u00f3 la vida cuando trataban sus graves heridas en un hospital.<\/p>\n\n\n\n<p>Por otra parte el estado de salud de los otros dos oficiales heridos es de pron\u00f3stico reservado, adem\u00e1s de qu\u00e9 hasta ahora a\u00fan no han podido dar con el paradero de ninguno de los responsables.<\/p>\n\n\n\n<p>La circulaci\u00f3n permanece cerrada en ambos sentidos en tanto los agentes de la direcci\u00f3n de servicios periciales y la polic\u00eda ministerial trabajan en el lugar para realizar el embalaje de los casquillos percutidos en la escena del crimen.<\/p>\n","protected":false},"excerpt":{"rendered":"<p>Un grupo de sujetos armados se enfrentaron contra elementos de la polic\u00eda estatal sobre la carretera federal 140 Veracruz-Xalapa a la altura de la base aeronaval de Las Bajadas, lo cual dej\u00f3 un saldo de un oficial herido y dos lesionados. Luego de la balacera registrada en la tarde de este s\u00e1bado, se confirm\u00f3 que [&hellip;]<\/p>\n","protected":false},"author":8,"featured_media":110649,"comment_status":"open","ping_status":"open","sticky":false,"template":"","format":"standard","meta":{"_monsterinsights_skip_tracking":false,"_monsterinsights_sitenote_active":false,"_monsterinsights_sitenote_note":"","_monsterinsights_sitenote_category":0,"footnotes":""},"categories":[154],"tags":[6574,1140,162],"class_list":["post-110648","post","type-post","status-publish","format-standard","has-post-thumbnail","hentry","category-veracruz","tag-balacera","tag-las-bajadas","tag-portada","wp-image-borders"],"amp_enabled":true,"_links":{"self":[{"href":"https:\/\/nvnoticias.mx\/index.php\/wp-json\/wp\/v2\/posts\/110648","targetHints":{"allow":["GET"]}}],"collection":[{"href":"https:\/\/nvnoticias.mx\/index.php\/wp-json\/wp\/v2\/posts"}],"about":[{"href":"https:\/\/nvnoticias.mx\/index.php\/wp-json\/wp\/v2\/types\/post"}],"author":[{"embeddable":true,"href":"https:\/\/nvnoticias.mx\/index.php\/wp-json\/wp\/v2\/users\/8"}],"replies":[{"embeddable":true,"href":"https:\/\/nvnoticias.mx\/index.php\/wp-json\/wp\/v2\/comments?post=110648"}],"version-history":[{"count":1,"href":"https:\/\/nvnoticias.mx\/index.php\/wp-json\/wp\/v2\/posts\/110648\/revisions"}],"predecessor-version":[{"id":110650,"href":"https:\/\/nvnoticias.mx\/index.php\/wp-json\/wp\/v2\/posts\/110648\/revisions\/110650"}],"wp:featuredmedia":[{"embeddable":true,"href":"https:\/\/nvnoticias.mx\/index.php\/wp-json\/wp\/v2\/media\/110649"}],"wp:attachment":[{"href":"https:\/\/nvnoticias.mx\/index.php\/wp-json\/wp\/v2\/media?parent=110648"}],"wp:term":[{"taxonomy":"category","embeddable":true,"href":"https:\/\/nvnoticias.mx\/index.php\/wp-json\/wp\/v2\/categories?post=110648"},{"taxonomy":"post_tag","embeddable":true,"href":"https:\/\/nvnoticias.mx\/index.php\/wp-json\/wp\/v2\/tags?post=110648"}],"curies":[{"name":"wp","href":"https:\/\/api.w.org\/{rel}","templated":true}]}}