{"id":110617,"date":"2023-06-17T11:01:00","date_gmt":"2023-06-17T16:01:00","guid":{"rendered":"https:\/\/nvnoticias.mx\/?p=110617"},"modified":"2023-06-17T11:01:01","modified_gmt":"2023-06-17T16:01:01","slug":"nueva-serie-de-disney-es-senalada-por-supuestos-estereotipos-racistas","status":"publish","type":"post","link":"https:\/\/nvnoticias.mx\/index.php\/2023\/06\/17\/nueva-serie-de-disney-es-senalada-por-supuestos-estereotipos-racistas\/","title":{"rendered":"Nueva serie de Disney es se\u00f1alada por supuestos estereotipos racistas"},"content":{"rendered":"\n<p>Una vez m\u00e1s,\u00a0Disney\u00a0se encuentra envuelto en controversia, pues algunos usuarios han utilizado las redes sociales, como Twitter, para expresar su opini\u00f3n sobre su pr\u00f3xima serie\u00a0&#8220;Primos&#8221;. Este proyecto animado retrata a una familia latina, pero ha generado cr\u00edticas por supuestos &#8220;estereotipos racistas&#8221;, tanto en la historia como en los personajes.<\/p>\n\n\n\n<p>Recientemente, la empresa lanz\u00f3 la canci\u00f3n promocional, por lo que se puede ver un adelanto del pol\u00e9mico audiovisual.<\/p>\n\n\n\n<h4 class=\"wp-block-heading\">\u00bfDe qu\u00e9 trata &#8220;Primos&#8221;?<\/h4>\n\n\n\n<p>La historia aborda a Tater Ram\u00edrez Humphrey: una ni\u00f1a de 10 a\u00f1os, con grandes sue\u00f1os, que est\u00e1 decidida a encontrar lo que la hace extraordinaria. Cuando sus 12 primos ca\u00f3ticos se van a vivir con ella durante el verano y la ayudan a descubrir su verdadero yo.<\/p>\n\n\n\n<p>La serie fue creada por la artista estadounidense Natasha Kline, quien tiene ascendencia mexicana, y est\u00e1 inspirada en sus vivencias de la infancia y en las experiencias compartidas con su familia de origen mexico-estadounidense.<\/p>\n\n\n\n<p>Cabe mencionar que debido a la avalancha de comentarios que recibi\u00f3 el corto, que dura apenas un minuto, la empresa se vio obligada a retirar el material de las redes. Hasta ahora se mantiene \u00fanicamente en Youtube.<\/p>\n\n\n\n<h4 class=\"wp-block-heading\">\u00bfQu\u00e9 fue lo que incomod\u00f3 a la audiencia?<\/h4>\n\n\n\n<p>Todo comenz\u00f3 con el nombre del barrio donde vive la protagonista, llamado Terremoto Heights. Este t\u00e9rmino en ingl\u00e9s hace referencia a un barrio cercano a una colina o monta\u00f1a. Sin embargo, de acuerdo con &#8220;El Pa\u00eds&#8221;, la audiencia se enfoc\u00f3 en la primera palabra (Terremoto), consider\u00e1ndola como una burla hacia M\u00e9xico. Esto se debe a que, en diversas ocasiones, los movimientos tel\u00faricos han provocado grandes cat\u00e1strofes y p\u00e9rdidas humanas.<\/p>\n\n\n\n<p>Tambi\u00e9n se se\u00f1al\u00f3 que el retrato de las familias latinas que viven en Estados Unidos muestra una representaci\u00f3n en la que parecen vivir en condiciones de hacinamiento y en entornos descuidados.<\/p>\n\n\n\n<p>Asimismo, hubo quienes trataron de explicar que \u201cPrimos\u201d est\u00e1 ambientada en Los \u00c1ngeles y el barrio se llama \u201cTerremoto Heighs porque es una zona s\u00edsmica.<\/p>\n\n\n\n<p>Por otra parte, incomod\u00f3 la frase del video: \u201cOye primos\u201d debido a que es una conjugaci\u00f3n err\u00f3nea del espa\u00f1ol y lo correcto ser\u00eda la expresi\u00f3n \u201cOigan primos\u201d u \u201cOye primo\u201d.<\/p>\n\n\n\n<p>Tales exigencias llamaron la atenci\u00f3n de la actriz Myrna Velazco, quien presta su voz al personaje de Tater, y reaccion\u00f3 de forma molesta: \u201cComo recordatorio, el espa\u00f1ol no es latinoamericano, es una lengua que los conquistadores espa\u00f1oles forzaron a los latinoamericanos. La \u00fanica raz\u00f3n por la que somos latinos y no nativo americanos es por esa distinci\u00f3n. En\u00f3jense todo lo que quieran conmigo por mis errores de ortograf\u00eda y pronunciar mal palabras en espa\u00f1ol. Eso no quita el hecho de que soy una mujer mexico-americana y nativa-americana\u201d, expres\u00f3 en una serie de tuits que fueron borrados.<\/p>\n\n\n\n<p>Tras la pol\u00e9mica, la creadora restringi\u00f3 sus redes sociales y hasta el momento Disney no ha lanzado alg\u00fan comunicado al respecto.<\/p>\n\n\n\n<figure class=\"wp-block-embed aligncenter is-type-video is-provider-youtube wp-block-embed-youtube wp-embed-aspect-16-9 wp-has-aspect-ratio\"><div class=\"wp-block-embed__wrapper\">\n<iframe loading=\"lazy\"  id=\"_ytid_68445\"  width=\"880\" height=\"495\"  data-origwidth=\"880\" data-origheight=\"495\"  data-relstop=\"1\" src=\"https:\/\/www.youtube.com\/embed\/vPY8gk4QHrw?enablejsapi=1&#038;autoplay=0&#038;cc_load_policy=0&#038;cc_lang_pref=&#038;iv_load_policy=1&#038;loop=0&#038;rel=0&#038;fs=1&#038;playsinline=0&#038;autohide=2&#038;theme=dark&#038;color=red&#038;controls=1&#038;\" class=\"__youtube_prefs__  epyt-is-override  no-lazyload\" title=\"YouTube player\"  allow=\"fullscreen; accelerometer; autoplay; clipboard-write; encrypted-media; gyroscope; picture-in-picture; web-share\" referrerpolicy=\"strict-origin-when-cross-origin\" allowfullscreen data-no-lazy=\"1\" data-skipgform_ajax_framebjll=\"\"><\/iframe>\n<\/div><\/figure>\n\n\n\n<p>Fuente: <a href=\"https:\/\/www.eluniversal.com.mx\/espectaculos\/primos-nueva-serie-de-disney-es-senalada-por-supuestos-estereotipos-racistas\/\">El Universal<\/a><\/p>\n","protected":false},"excerpt":{"rendered":"<p>Una vez m\u00e1s,\u00a0Disney\u00a0se encuentra envuelto en controversia, pues algunos usuarios han utilizado las redes sociales, como Twitter, para expresar su opini\u00f3n sobre su pr\u00f3xima serie\u00a0&#8220;Primos&#8221;. Este proyecto animado retrata a una familia latina, pero ha generado cr\u00edticas por supuestos &#8220;estereotipos racistas&#8221;, tanto en la historia como en los personajes. Recientemente, la empresa lanz\u00f3 la canci\u00f3n [&hellip;]<\/p>\n","protected":false},"author":8,"featured_media":110618,"comment_status":"open","ping_status":"open","sticky":false,"template":"","format":"standard","meta":{"_monsterinsights_skip_tracking":false,"_monsterinsights_sitenote_active":false,"_monsterinsights_sitenote_note":"","_monsterinsights_sitenote_category":0,"footnotes":""},"categories":[576],"tags":[1488,23680],"class_list":["post-110617","post","type-post","status-publish","format-standard","has-post-thumbnail","hentry","category-ocio","tag-disney","tag-serie-animada","wp-image-borders"],"amp_enabled":true,"_links":{"self":[{"href":"https:\/\/nvnoticias.mx\/index.php\/wp-json\/wp\/v2\/posts\/110617","targetHints":{"allow":["GET"]}}],"collection":[{"href":"https:\/\/nvnoticias.mx\/index.php\/wp-json\/wp\/v2\/posts"}],"about":[{"href":"https:\/\/nvnoticias.mx\/index.php\/wp-json\/wp\/v2\/types\/post"}],"author":[{"embeddable":true,"href":"https:\/\/nvnoticias.mx\/index.php\/wp-json\/wp\/v2\/users\/8"}],"replies":[{"embeddable":true,"href":"https:\/\/nvnoticias.mx\/index.php\/wp-json\/wp\/v2\/comments?post=110617"}],"version-history":[{"count":1,"href":"https:\/\/nvnoticias.mx\/index.php\/wp-json\/wp\/v2\/posts\/110617\/revisions"}],"predecessor-version":[{"id":110619,"href":"https:\/\/nvnoticias.mx\/index.php\/wp-json\/wp\/v2\/posts\/110617\/revisions\/110619"}],"wp:featuredmedia":[{"embeddable":true,"href":"https:\/\/nvnoticias.mx\/index.php\/wp-json\/wp\/v2\/media\/110618"}],"wp:attachment":[{"href":"https:\/\/nvnoticias.mx\/index.php\/wp-json\/wp\/v2\/media?parent=110617"}],"wp:term":[{"taxonomy":"category","embeddable":true,"href":"https:\/\/nvnoticias.mx\/index.php\/wp-json\/wp\/v2\/categories?post=110617"},{"taxonomy":"post_tag","embeddable":true,"href":"https:\/\/nvnoticias.mx\/index.php\/wp-json\/wp\/v2\/tags?post=110617"}],"curies":[{"name":"wp","href":"https:\/\/api.w.org\/{rel}","templated":true}]}}