{"id":110612,"date":"2023-06-17T10:48:08","date_gmt":"2023-06-17T15:48:08","guid":{"rendered":"https:\/\/nvnoticias.mx\/?p=110612"},"modified":"2023-06-17T10:48:10","modified_gmt":"2023-06-17T15:48:10","slug":"por-ola-de-calor-fugas-de-gas-en-veracruz-incrementan","status":"publish","type":"post","link":"https:\/\/nvnoticias.mx\/index.php\/2023\/06\/17\/por-ola-de-calor-fugas-de-gas-en-veracruz-incrementan\/","title":{"rendered":"Por ola de calor, fugas de gas en Veracruz incrementan"},"content":{"rendered":"\n<p>A consecuencia de las elevadas temperaturas que se est\u00e1n registrando, en la zona conurbada Veracruz-Boca del R\u00edo se han incrementado al doble las fugas de gas en domicilios particulares, lo cual ha puesto en alerta algunas familias.<\/p>\n\n\n\n<p>Antonio Chedraui\u00a0Bolado, presidente del Patronato de\u00a0Bomberos Conurbados, afirm\u00f3 que\u00a0la ola de calor ocasiona que aumente la presi\u00f3n y las v\u00e1lvulas de seguridad liberan un poco de gas desprendiendo un olor de mercaptano (compuesto sulfurado\u00a0que se usa como\u00a0aromatizante del gas natural).<\/p>\n\n\n\n<p>Lo anterior ocurre cuando los tanques est\u00e1n colocados en los patios expuestos directamente a los rayos del Sol, o cuando ya se encuentran deteriorados por el paso del tiempo, explic\u00f3 en entrevista.<\/p>\n\n\n\n<p>Sugiri\u00f3 a la poblaci\u00f3n\u00a0tener los dep\u00f3sitos de gas en lugares ventilados, protegerlos del Sol, cambiarlo en caso de observar aver\u00edas,\u00a0evitar\u00a0las mangueras de pl\u00e1stico y que las instalaciones el\u00e9ctricas sean las adecuadas de acuerdo a la norma oficial mexicana vigente.<\/p>\n\n\n\n<p>Por otra parte indic\u00f3 que los elementos de la corporaci\u00f3n a su cargo no han registrado un aumento significativo en las atenciones por golpes de calor; en la semana que est\u00e1 por concluir solo han recibido un reporte diario o cada dos d\u00edas.<\/p>\n\n\n\n<p>Sin embargo, recomend\u00f3 a las personas mantenerse bien hidratadas, no realizar actividades al aire libre entre las 11:00 y 16:00 horas, en caso de tener un trabajo que requiera estar a la intemperie reducir las jornadas laborales o realizarlas en un horario \u00f3ptimo.<\/p>\n","protected":false},"excerpt":{"rendered":"<p>A consecuencia de las elevadas temperaturas que se est\u00e1n registrando, en la zona conurbada Veracruz-Boca del R\u00edo se han incrementado al doble las fugas de gas en domicilios particulares, lo cual ha puesto en alerta algunas familias. Antonio Chedraui\u00a0Bolado, presidente del Patronato de\u00a0Bomberos Conurbados, afirm\u00f3 que\u00a0la ola de calor ocasiona que aumente la presi\u00f3n y [&hellip;]<\/p>\n","protected":false},"author":8,"featured_media":95781,"comment_status":"open","ping_status":"open","sticky":false,"template":"","format":"standard","meta":{"_monsterinsights_skip_tracking":false,"_monsterinsights_sitenote_active":false,"_monsterinsights_sitenote_note":"","_monsterinsights_sitenote_category":0,"footnotes":""},"categories":[154],"tags":[25798,4720],"class_list":["post-110612","post","type-post","status-publish","format-standard","has-post-thumbnail","hentry","category-veracruz","tag-fugas-de-gas","tag-ola-de-calor","wp-image-borders"],"amp_enabled":true,"_links":{"self":[{"href":"https:\/\/nvnoticias.mx\/index.php\/wp-json\/wp\/v2\/posts\/110612","targetHints":{"allow":["GET"]}}],"collection":[{"href":"https:\/\/nvnoticias.mx\/index.php\/wp-json\/wp\/v2\/posts"}],"about":[{"href":"https:\/\/nvnoticias.mx\/index.php\/wp-json\/wp\/v2\/types\/post"}],"author":[{"embeddable":true,"href":"https:\/\/nvnoticias.mx\/index.php\/wp-json\/wp\/v2\/users\/8"}],"replies":[{"embeddable":true,"href":"https:\/\/nvnoticias.mx\/index.php\/wp-json\/wp\/v2\/comments?post=110612"}],"version-history":[{"count":1,"href":"https:\/\/nvnoticias.mx\/index.php\/wp-json\/wp\/v2\/posts\/110612\/revisions"}],"predecessor-version":[{"id":110613,"href":"https:\/\/nvnoticias.mx\/index.php\/wp-json\/wp\/v2\/posts\/110612\/revisions\/110613"}],"wp:featuredmedia":[{"embeddable":true,"href":"https:\/\/nvnoticias.mx\/index.php\/wp-json\/wp\/v2\/media\/95781"}],"wp:attachment":[{"href":"https:\/\/nvnoticias.mx\/index.php\/wp-json\/wp\/v2\/media?parent=110612"}],"wp:term":[{"taxonomy":"category","embeddable":true,"href":"https:\/\/nvnoticias.mx\/index.php\/wp-json\/wp\/v2\/categories?post=110612"},{"taxonomy":"post_tag","embeddable":true,"href":"https:\/\/nvnoticias.mx\/index.php\/wp-json\/wp\/v2\/tags?post=110612"}],"curies":[{"name":"wp","href":"https:\/\/api.w.org\/{rel}","templated":true}]}}