{"id":110584,"date":"2023-06-16T17:34:46","date_gmt":"2023-06-16T22:34:46","guid":{"rendered":"https:\/\/nvnoticias.mx\/?p=110584"},"modified":"2023-06-16T17:34:48","modified_gmt":"2023-06-16T22:34:48","slug":"reconoce-biden-que-eu-envia-armas-de-fuego-peligrosas-a-mexico","status":"publish","type":"post","link":"https:\/\/nvnoticias.mx\/index.php\/2023\/06\/16\/reconoce-biden-que-eu-envia-armas-de-fuego-peligrosas-a-mexico\/","title":{"rendered":"Reconoce Biden que EU env\u00eda armas de fuego &#8220;peligrosas&#8221; a M\u00e9xico"},"content":{"rendered":"\n<p>\u00a0El presidente de Estados Unidos,<strong>Joe Biden<\/strong>, reconoci\u00f3 este viernes que su pa\u00eds env\u00eda\u00a0<strong>armas de fuego<\/strong>\u00a0&#8220;peligrosas&#8221; a M\u00e9xico, incluidos rifles de asalto.<\/p>\n\n\n\n<p>El mandatario hizo esas declaraciones durante un discurso en el que inst\u00f3 al<strong>&nbsp;Congreso de EU<\/strong>&nbsp;a aprobar cuanto antes medidas para reducir la&nbsp;<strong>violencia&nbsp;<\/strong>relacionada con las armas de fuego.<\/p>\n\n\n\n<p>Biden revel\u00f3 que el presidente mexicano,\u00a0<strong>Andr\u00e9s Manuel L\u00f3pez Obrador<\/strong>, le saca a coalici\u00f3n el tema del tr\u00e1fico de armas estadounidenses a M\u00e9xico cuando \u00e9l le habla sobre la necesidad de acabar con el\u00a0<strong>narcotr\u00e1fico<\/strong>, especialmente de un potente opioide llamado<strong>\u00a0fentanilo<\/strong>.<\/p>\n\n\n\n<p>En concreto, empez\u00f3 diciendo: &#8220;Por cierto, \u00bfsaben qu\u00e9 me dicen cuando hablo del fentanilo, de la<strong>\u00a0frontera\u00a0<\/strong>y todo eso? Hablo con el presidente de M\u00e9xico y \u00e9l me dice: &#8216;\u00bfPodr\u00edan, por favor, dejar de enviarnos armas?'&#8221;.<\/p>\n\n\n\n<p>Fuente:<a href=\"https:\/\/www.eluniversal.com.mx\/mundo\/biden-reconoce-que-eu-envia-armas-de-fuego-peligrosas-a-mexico\/\" data-type=\"URL\" data-id=\"https:\/\/www.eluniversal.com.mx\/mundo\/biden-reconoce-que-eu-envia-armas-de-fuego-peligrosas-a-mexico\/\"> El Universal<\/a> <\/p>\n","protected":false},"excerpt":{"rendered":"<p>\u00a0El presidente de Estados Unidos,Joe Biden, reconoci\u00f3 este viernes que su pa\u00eds env\u00eda\u00a0armas de fuego\u00a0&#8220;peligrosas&#8221; a M\u00e9xico, incluidos rifles de asalto. El mandatario hizo esas declaraciones durante un discurso en el que inst\u00f3 al&nbsp;Congreso de EU&nbsp;a aprobar cuanto antes medidas para reducir la&nbsp;violencia&nbsp;relacionada con las armas de fuego. Biden revel\u00f3 que el presidente mexicano,\u00a0Andr\u00e9s Manuel [&hellip;]<\/p>\n","protected":false},"author":35,"featured_media":20901,"comment_status":"open","ping_status":"open","sticky":false,"template":"","format":"standard","meta":{"_monsterinsights_skip_tracking":false,"_monsterinsights_sitenote_active":false,"_monsterinsights_sitenote_note":"","_monsterinsights_sitenote_category":0,"footnotes":""},"categories":[181],"tags":[2672,8308,183,182,292,8979],"class_list":["post-110584","post","type-post","status-publish","format-standard","has-post-thumbnail","hentry","category-internacional","tag-armas","tag-envia","tag-estados-unidos","tag-joe-biden","tag-mexico","tag-reconoce","wp-image-borders"],"amp_enabled":true,"_links":{"self":[{"href":"https:\/\/nvnoticias.mx\/index.php\/wp-json\/wp\/v2\/posts\/110584","targetHints":{"allow":["GET"]}}],"collection":[{"href":"https:\/\/nvnoticias.mx\/index.php\/wp-json\/wp\/v2\/posts"}],"about":[{"href":"https:\/\/nvnoticias.mx\/index.php\/wp-json\/wp\/v2\/types\/post"}],"author":[{"embeddable":true,"href":"https:\/\/nvnoticias.mx\/index.php\/wp-json\/wp\/v2\/users\/35"}],"replies":[{"embeddable":true,"href":"https:\/\/nvnoticias.mx\/index.php\/wp-json\/wp\/v2\/comments?post=110584"}],"version-history":[{"count":3,"href":"https:\/\/nvnoticias.mx\/index.php\/wp-json\/wp\/v2\/posts\/110584\/revisions"}],"predecessor-version":[{"id":110587,"href":"https:\/\/nvnoticias.mx\/index.php\/wp-json\/wp\/v2\/posts\/110584\/revisions\/110587"}],"wp:featuredmedia":[{"embeddable":true,"href":"https:\/\/nvnoticias.mx\/index.php\/wp-json\/wp\/v2\/media\/20901"}],"wp:attachment":[{"href":"https:\/\/nvnoticias.mx\/index.php\/wp-json\/wp\/v2\/media?parent=110584"}],"wp:term":[{"taxonomy":"category","embeddable":true,"href":"https:\/\/nvnoticias.mx\/index.php\/wp-json\/wp\/v2\/categories?post=110584"},{"taxonomy":"post_tag","embeddable":true,"href":"https:\/\/nvnoticias.mx\/index.php\/wp-json\/wp\/v2\/tags?post=110584"}],"curies":[{"name":"wp","href":"https:\/\/api.w.org\/{rel}","templated":true}]}}