{"id":110542,"date":"2023-06-16T14:56:09","date_gmt":"2023-06-16T19:56:09","guid":{"rendered":"https:\/\/nvnoticias.mx\/?p=110542"},"modified":"2023-06-16T14:56:09","modified_gmt":"2023-06-16T19:56:09","slug":"las-clases-de-este-sabado-seran-opcionales","status":"publish","type":"post","link":"https:\/\/nvnoticias.mx\/index.php\/2023\/06\/16\/las-clases-de-este-sabado-seran-opcionales\/","title":{"rendered":"Las clases de este s\u00e1bado ser\u00e1n opcionales"},"content":{"rendered":"\n<p><strong>Jes\u00fas Utrilla \/ NV Noticias<\/strong><\/p>\n\n\n\n<p>Ricardo Garc\u00e9s, representante de la Uni\u00f3n Nacional de Padres de Familia (UNPF) en Veracruz, enfatiz\u00f3 que no se deben aplicar sanciones a los estudiantes que opten por no asistir a la jornada \u201cSi te drogas, te da\u00f1as\u201d este s\u00e1bado 17 de junio, ya que su participaci\u00f3n es voluntaria. <\/p>\n\n\n\n<p>Garc\u00e9s destac\u00f3 que los padres de familia respaldan estas actividades, que buscan educar a los j\u00f3venes sobre los riesgos del consumo de drogas y fomentar la reflexi\u00f3n sobre sus consecuencias. <\/p>\n\n\n\n<p>Es importante destacar que la invitaci\u00f3n a los padres de familia se realiza de manera voluntaria y se dirige principalmente a los alumnos de bachillerato. El prop\u00f3sito es que los estudiantes participen de manera opcional en esta jornada el pr\u00f3ximo s\u00e1bado.<\/p>\n\n\n\n<p>Se debe recordar que la Secretaria de Educaci\u00f3n P\u00fablica (SEP), Leticia Ram\u00edrez, ha comunicado a los padres y estudiantes que se espera su asistencia a clases a partir de las 10:00 a.m. para llevar a cabo diversas actividades relacionadas con la estrategia &#8220;Si te drogas, te da\u00f1as&#8221; en los 32 estados del pa\u00eds.<\/p>\n\n\n\n<p><br>La Uni\u00f3n Nacional de Padres de Familia reconoce y valora los esfuerzos realizados por la SEP al sumarse a la campa\u00f1a federal &#8220;Si te Drogas, te Da\u00f1as&#8221;, la cual tiene como objetivo reflexionar sobre el preocupante consumo de drogas entre adolescentes y j\u00f3venes no solo en Veracruz, sino en todo el pa\u00eds.<\/p>\n\n\n\n<p>La raz\u00f3n detr\u00e1s de las clases programadas para el s\u00e1bado 17 de junio es unir esfuerzos a nivel nacional en beneficio del bienestar y cuidado de los ni\u00f1os, ni\u00f1as, adolescentes y j\u00f3venes. La estrategia del gobierno se centra en reducir el consumo de sustancias psicotr\u00f3picas entre la juventud.<\/p>\n","protected":false},"excerpt":{"rendered":"<p>Jes\u00fas Utrilla \/ NV Noticias Ricardo Garc\u00e9s, representante de la Uni\u00f3n Nacional de Padres de Familia (UNPF) en Veracruz, enfatiz\u00f3 que no se deben aplicar sanciones a los estudiantes que opten por no asistir a la jornada \u201cSi te drogas, te da\u00f1as\u201d este s\u00e1bado 17 de junio, ya que su participaci\u00f3n es voluntaria. Garc\u00e9s destac\u00f3 [&hellip;]<\/p>\n","protected":false},"author":8,"featured_media":110544,"comment_status":"open","ping_status":"open","sticky":false,"template":"","format":"standard","meta":{"_monsterinsights_skip_tracking":false,"_monsterinsights_sitenote_active":false,"_monsterinsights_sitenote_note":"","_monsterinsights_sitenote_category":0,"footnotes":""},"categories":[154],"tags":[1632,3333],"class_list":["post-110542","post","type-post","status-publish","format-standard","has-post-thumbnail","hentry","category-veracruz","tag-clases","tag-sabado","wp-image-borders"],"amp_enabled":true,"_links":{"self":[{"href":"https:\/\/nvnoticias.mx\/index.php\/wp-json\/wp\/v2\/posts\/110542","targetHints":{"allow":["GET"]}}],"collection":[{"href":"https:\/\/nvnoticias.mx\/index.php\/wp-json\/wp\/v2\/posts"}],"about":[{"href":"https:\/\/nvnoticias.mx\/index.php\/wp-json\/wp\/v2\/types\/post"}],"author":[{"embeddable":true,"href":"https:\/\/nvnoticias.mx\/index.php\/wp-json\/wp\/v2\/users\/8"}],"replies":[{"embeddable":true,"href":"https:\/\/nvnoticias.mx\/index.php\/wp-json\/wp\/v2\/comments?post=110542"}],"version-history":[{"count":1,"href":"https:\/\/nvnoticias.mx\/index.php\/wp-json\/wp\/v2\/posts\/110542\/revisions"}],"predecessor-version":[{"id":110545,"href":"https:\/\/nvnoticias.mx\/index.php\/wp-json\/wp\/v2\/posts\/110542\/revisions\/110545"}],"wp:featuredmedia":[{"embeddable":true,"href":"https:\/\/nvnoticias.mx\/index.php\/wp-json\/wp\/v2\/media\/110544"}],"wp:attachment":[{"href":"https:\/\/nvnoticias.mx\/index.php\/wp-json\/wp\/v2\/media?parent=110542"}],"wp:term":[{"taxonomy":"category","embeddable":true,"href":"https:\/\/nvnoticias.mx\/index.php\/wp-json\/wp\/v2\/categories?post=110542"},{"taxonomy":"post_tag","embeddable":true,"href":"https:\/\/nvnoticias.mx\/index.php\/wp-json\/wp\/v2\/tags?post=110542"}],"curies":[{"name":"wp","href":"https:\/\/api.w.org\/{rel}","templated":true}]}}