{"id":110522,"date":"2023-06-16T14:26:56","date_gmt":"2023-06-16T19:26:56","guid":{"rendered":"https:\/\/nvnoticias.mx\/?p=110522"},"modified":"2023-06-16T14:28:19","modified_gmt":"2023-06-16T19:28:19","slug":"bloquean-la-carretera-veracruz-el-tejar-exigen-electricidad","status":"publish","type":"post","link":"https:\/\/nvnoticias.mx\/index.php\/2023\/06\/16\/bloquean-la-carretera-veracruz-el-tejar-exigen-electricidad\/","title":{"rendered":"Bloquean la carretera Veracruz- El Tejar; exigen electricidad"},"content":{"rendered":"\n<p><strong>Jes\u00fas Utrilla \/ NV Noticias<\/strong><\/p>\n\n\n\n<p>Habitantes de Puente Moreno, en Medell\u00edn de Bravo, se manifestaron por falta de electricidad. Bloquearon la carretera Veracruz- El Tejar, a la altura de Playa de Vacas, para reclamar que desde el domingo no tienen luz.&nbsp;<\/p>\n\n\n\n<p>Los inconformes dijeron que son dos condominios afectados con 96 departamentos en total. <\/p>\n\n\n\n<p>Con la presi\u00f3n ejercida con la manifestaci\u00f3n lleg\u00f3 la Comisi\u00f3n Federal de Electricidad y aunque restablecieron el suministro de energ\u00eda el\u00e9ctrica advirtieron que ser\u00e1 moment\u00e1neo, ya que seguramente les volver\u00e9 a fallar.<\/p>\n\n\n\n<blockquote class=\"wp-block-quote is-layout-flow wp-block-quote-is-layout-flow\"><p>\u201c<em>Esto es lo que est\u00e1 pasando, nada m\u00e1s nos la dejan una hora, o cuatro horas, se vuelve a ir y hasta el otro d\u00eda otra vez<\/em>\u201d.<\/p><\/blockquote>\n\n\n\n<p>Los condominios afectados son Perla y Rub\u00ed. Los inconformes dijeron que se requieren transformadores nuevos, porque los que se encuentran funcionando ya no abastecen y fallan constantemente.<\/p>\n\n\n\n<blockquote class=\"wp-block-quote is-layout-flow wp-block-quote-is-layout-flow\"><p>\u201c<em>Regresa por ejemplo ahorita y a las 11 se vuelve a ir y as\u00ed est\u00e1 todo el d\u00eda. Toda la noche la pasamos sin luz hasta el otro d\u00eda que vuelve<\/em>\u201d.<\/p><\/blockquote>\n\n\n\n<p>Cabe recordar que el bloqueo se levant\u00f3 cerca de las 12:30 de la tarde del viernes, y no fue la \u00fanica manifestaci\u00f3n, ya que habitantes de la colonia Flores Mag\u00f3n de la ciudad de Veracruz tambi\u00e9n llevaron a cabo un bloqueo para exigir suministro de energ\u00eda el\u00e9ctrica.<\/p>\n","protected":false},"excerpt":{"rendered":"<p>Jes\u00fas Utrilla \/ NV Noticias Habitantes de Puente Moreno, en Medell\u00edn de Bravo, se manifestaron por falta de electricidad. Bloquearon la carretera Veracruz- El Tejar, a la altura de Playa de Vacas, para reclamar que desde el domingo no tienen luz.&nbsp; Los inconformes dijeron que son dos condominios afectados con 96 departamentos en total. Con [&hellip;]<\/p>\n","protected":false},"author":8,"featured_media":110523,"comment_status":"open","ping_status":"open","sticky":false,"template":"","format":"standard","meta":{"_monsterinsights_skip_tracking":false,"_monsterinsights_sitenote_active":false,"_monsterinsights_sitenote_note":"","_monsterinsights_sitenote_category":0,"footnotes":""},"categories":[154],"tags":[1905,1906,25781],"class_list":["post-110522","post","type-post","status-publish","format-standard","has-post-thumbnail","hentry","category-veracruz","tag-bloqueo","tag-carretera","tag-lagos-de-puente-moreno","wp-image-borders"],"amp_enabled":true,"_links":{"self":[{"href":"https:\/\/nvnoticias.mx\/index.php\/wp-json\/wp\/v2\/posts\/110522","targetHints":{"allow":["GET"]}}],"collection":[{"href":"https:\/\/nvnoticias.mx\/index.php\/wp-json\/wp\/v2\/posts"}],"about":[{"href":"https:\/\/nvnoticias.mx\/index.php\/wp-json\/wp\/v2\/types\/post"}],"author":[{"embeddable":true,"href":"https:\/\/nvnoticias.mx\/index.php\/wp-json\/wp\/v2\/users\/8"}],"replies":[{"embeddable":true,"href":"https:\/\/nvnoticias.mx\/index.php\/wp-json\/wp\/v2\/comments?post=110522"}],"version-history":[{"count":2,"href":"https:\/\/nvnoticias.mx\/index.php\/wp-json\/wp\/v2\/posts\/110522\/revisions"}],"predecessor-version":[{"id":110525,"href":"https:\/\/nvnoticias.mx\/index.php\/wp-json\/wp\/v2\/posts\/110522\/revisions\/110525"}],"wp:featuredmedia":[{"embeddable":true,"href":"https:\/\/nvnoticias.mx\/index.php\/wp-json\/wp\/v2\/media\/110523"}],"wp:attachment":[{"href":"https:\/\/nvnoticias.mx\/index.php\/wp-json\/wp\/v2\/media?parent=110522"}],"wp:term":[{"taxonomy":"category","embeddable":true,"href":"https:\/\/nvnoticias.mx\/index.php\/wp-json\/wp\/v2\/categories?post=110522"},{"taxonomy":"post_tag","embeddable":true,"href":"https:\/\/nvnoticias.mx\/index.php\/wp-json\/wp\/v2\/tags?post=110522"}],"curies":[{"name":"wp","href":"https:\/\/api.w.org\/{rel}","templated":true}]}}