{"id":110493,"date":"2023-06-16T13:49:20","date_gmt":"2023-06-16T18:49:20","guid":{"rendered":"https:\/\/nvnoticias.mx\/?p=110493"},"modified":"2023-06-16T13:49:22","modified_gmt":"2023-06-16T18:49:22","slug":"bloquean-flores-magon-para-protestar-por-constantes-apagones","status":"publish","type":"post","link":"https:\/\/nvnoticias.mx\/index.php\/2023\/06\/16\/bloquean-flores-magon-para-protestar-por-constantes-apagones\/","title":{"rendered":"Bloquean Flores Mag\u00f3n para protestar por constantes apagones"},"content":{"rendered":"\n<p><strong>Jes\u00fas Utrilla \/ NV Noticias<\/strong><\/p>\n\n\n\n<p>Vecinos de la colonia Flores Mag\u00f3n tomaron medidas dr\u00e1sticas al bloquear la avenida que lleva el mismo nombre, espec\u00edficamente en el tramo entre Juan Enr\u00edquez y Altamirano.&nbsp;<\/p>\n\n\n\n<p>Su objetivo principal era hacer un llamado a la Comisi\u00f3n Federal de Electricidad, exigiendo la restauraci\u00f3n inmediata del servicio de energ\u00eda el\u00e9ctrica.&nbsp;<\/p>\n\n\n\n<p>Desde el domingo, han estado experimentando cortes frecuentes y prolongados, lo que les ha impedido trabajar, conservar adecuadamente los alimentos y descansar adecuadamente durante la noche.<\/p>\n\n\n\n<p>Ignacio Rodr\u00edguez Nieto, uno de los afectados, inform\u00f3 que el jueves por la noche se produjo un incidente en el que los cables de alta tensi\u00f3n se fusionaron y se produjo un incendio en los postes de electricidad. Afortunadamente, aunque una casa estuvo en riesgo, no se produjeron da\u00f1os graves.<\/p>\n\n\n\n<blockquote class=\"wp-block-quote is-layout-flow wp-block-quote-is-layout-flow\"><p>&#8220;<em>Desde el domingo, hemos estado sin electricidad. Vinieron a reparar el lunes por la tarde, pero solo tuvimos dos horas de luz. El martes volvieron a reparar y tuvimos electricidad durante un d\u00eda, pero el jueves se fue nuevamente la luz y anoche ocurri\u00f3 un incendio desde aqu\u00ed hasta la esquina. Tem\u00edamos que nuestra casa se incendiara<\/em>&#8220;, expres\u00f3 Ignacio.<\/p><\/blockquote>\n\n\n\n<p>En el caso de Ignacio Rodr\u00edguez, perdi\u00f3 alimentos valuados en m\u00e1s de 2,500 pesos que hab\u00eda comprado para la semana, ya que los apagones duraban entre seis horas y hasta un d\u00eda completo.&nbsp;<\/p>\n\n\n\n<p>En las \u00faltimas cinco noches, han experimentado cortes de energ\u00eda y han sido privados de un sue\u00f1o reparador.<\/p>\n\n\n\n<blockquote class=\"wp-block-quote is-layout-flow wp-block-quote-is-layout-flow\"><p>&#8220;<em>Compr\u00e9 2,000 pesos de carne en un centro comercial y la mantuve en hielo el lunes, pero la mayor\u00eda del producto se ech\u00f3 a perder. No tengo un negocio, as\u00ed que tuve que ir a la despensa, pero la mayor\u00eda de la carne se arruin\u00f3<\/em>&#8220;, a\u00f1adi\u00f3 Ignacio.<\/p><\/blockquote>\n\n\n\n<p>Los apagones afectan no solo a la colonia Flores Mag\u00f3n, sino tambi\u00e9n a la zona que abarca desde Altamirano hasta V\u00edctimas. Se estima que alrededor de 200 familias y algunos negocios se ven afectados por esta situaci\u00f3n.<\/p>\n\n\n\n<p>Una brigada de la Comisi\u00f3n Federal de Electricidad fue enviada al lugar para abordar la problem\u00e1tica.<\/p>\n","protected":false},"excerpt":{"rendered":"<p>Jes\u00fas Utrilla \/ NV Noticias Vecinos de la colonia Flores Mag\u00f3n tomaron medidas dr\u00e1sticas al bloquear la avenida que lleva el mismo nombre, espec\u00edficamente en el tramo entre Juan Enr\u00edquez y Altamirano.&nbsp; Su objetivo principal era hacer un llamado a la Comisi\u00f3n Federal de Electricidad, exigiendo la restauraci\u00f3n inmediata del servicio de energ\u00eda el\u00e9ctrica.&nbsp; Desde [&hellip;]<\/p>\n","protected":false},"author":8,"featured_media":110494,"comment_status":"open","ping_status":"open","sticky":false,"template":"","format":"standard","meta":{"_monsterinsights_skip_tracking":false,"_monsterinsights_sitenote_active":false,"_monsterinsights_sitenote_note":"","_monsterinsights_sitenote_category":0,"footnotes":""},"categories":[154],"tags":[1502,1905,25778],"class_list":["post-110493","post","type-post","status-publish","format-standard","has-post-thumbnail","hentry","category-veracruz","tag-apagones","tag-bloqueo","tag-flores-magon","wp-image-borders"],"amp_enabled":true,"_links":{"self":[{"href":"https:\/\/nvnoticias.mx\/index.php\/wp-json\/wp\/v2\/posts\/110493","targetHints":{"allow":["GET"]}}],"collection":[{"href":"https:\/\/nvnoticias.mx\/index.php\/wp-json\/wp\/v2\/posts"}],"about":[{"href":"https:\/\/nvnoticias.mx\/index.php\/wp-json\/wp\/v2\/types\/post"}],"author":[{"embeddable":true,"href":"https:\/\/nvnoticias.mx\/index.php\/wp-json\/wp\/v2\/users\/8"}],"replies":[{"embeddable":true,"href":"https:\/\/nvnoticias.mx\/index.php\/wp-json\/wp\/v2\/comments?post=110493"}],"version-history":[{"count":1,"href":"https:\/\/nvnoticias.mx\/index.php\/wp-json\/wp\/v2\/posts\/110493\/revisions"}],"predecessor-version":[{"id":110495,"href":"https:\/\/nvnoticias.mx\/index.php\/wp-json\/wp\/v2\/posts\/110493\/revisions\/110495"}],"wp:featuredmedia":[{"embeddable":true,"href":"https:\/\/nvnoticias.mx\/index.php\/wp-json\/wp\/v2\/media\/110494"}],"wp:attachment":[{"href":"https:\/\/nvnoticias.mx\/index.php\/wp-json\/wp\/v2\/media?parent=110493"}],"wp:term":[{"taxonomy":"category","embeddable":true,"href":"https:\/\/nvnoticias.mx\/index.php\/wp-json\/wp\/v2\/categories?post=110493"},{"taxonomy":"post_tag","embeddable":true,"href":"https:\/\/nvnoticias.mx\/index.php\/wp-json\/wp\/v2\/tags?post=110493"}],"curies":[{"name":"wp","href":"https:\/\/api.w.org\/{rel}","templated":true}]}}