{"id":110462,"date":"2023-06-16T10:07:11","date_gmt":"2023-06-16T15:07:11","guid":{"rendered":"https:\/\/nvnoticias.mx\/?p=110462"},"modified":"2023-06-16T10:07:13","modified_gmt":"2023-06-16T15:07:13","slug":"alejandro-encinas-se-encargara-de-gobernacion-mientras-se-elige-a-un-nuevo-secretario-amlo","status":"publish","type":"post","link":"https:\/\/nvnoticias.mx\/index.php\/2023\/06\/16\/alejandro-encinas-se-encargara-de-gobernacion-mientras-se-elige-a-un-nuevo-secretario-amlo\/","title":{"rendered":"Alejandro Encinas se encargar\u00e1 de Gobernaci\u00f3n mientras se elige a un nuevo secretario: AMLO"},"content":{"rendered":"\n<p>AMLO asegura que todav\u00eda no define qui\u00e9n se quedar\u00e1 al frente de la Secretar\u00eda de Gobernaci\u00f3n, en lugar de Ad\u00e1n Augusto. \u201cEstamos pensando\u201d, agreg\u00f3.<\/p>\n\n\n\n<p>El&nbsp;<strong>presidente<\/strong>&nbsp;explic\u00f3 que mientras, se quedar\u00e1 Alejandro Encinas como encargado del despacho porque \u201cno se puede quedar esa secretar\u00eda sin direcci\u00f3n\u201d, dijo.<\/p>\n\n\n\n<p>L\u00f3pez Obrador no explic\u00f3 en cu\u00e1nto tiempo nombrar\u00e1 al nuevo secretario de Gobernaci\u00f3n y tampoco si ser\u00e1 hombre o mujer.<\/p>\n\n\n\n<p>Fuente: <a href=\"https:\/\/www.elfinanciero.com.mx\/nacional\/2023\/06\/16\/conferencia-de-amlo-sigue-la-mananera-de-este-16-de-junio\/?outputType=amp\" data-type=\"URL\" data-id=\"https:\/\/www.elfinanciero.com.mx\/nacional\/2023\/06\/16\/conferencia-de-amlo-sigue-la-mananera-de-este-16-de-junio\/?outputType=amp\">El Financiero<\/a> <\/p>\n","protected":false},"excerpt":{"rendered":"<p>AMLO asegura que todav\u00eda no define qui\u00e9n se quedar\u00e1 al frente de la Secretar\u00eda de Gobernaci\u00f3n, en lugar de Ad\u00e1n Augusto. \u201cEstamos pensando\u201d, agreg\u00f3. El&nbsp;presidente&nbsp;explic\u00f3 que mientras, se quedar\u00e1 Alejandro Encinas como encargado del despacho porque \u201cno se puede quedar esa secretar\u00eda sin direcci\u00f3n\u201d, dijo. L\u00f3pez Obrador no explic\u00f3 en cu\u00e1nto tiempo nombrar\u00e1 al nuevo [&hellip;]<\/p>\n","protected":false},"author":35,"featured_media":34697,"comment_status":"open","ping_status":"open","sticky":false,"template":"","format":"standard","meta":{"_monsterinsights_skip_tracking":false,"_monsterinsights_sitenote_active":false,"_monsterinsights_sitenote_note":"","_monsterinsights_sitenote_category":0,"footnotes":""},"categories":[158],"tags":[851,188,25771,16597,162],"class_list":["post-110462","post","type-post","status-publish","format-standard","has-post-thumbnail","hentry","category-politica","tag-alejandro-encinas","tag-amlo","tag-encargara","tag-gobernacion","tag-portada","wp-image-borders"],"amp_enabled":true,"_links":{"self":[{"href":"https:\/\/nvnoticias.mx\/index.php\/wp-json\/wp\/v2\/posts\/110462","targetHints":{"allow":["GET"]}}],"collection":[{"href":"https:\/\/nvnoticias.mx\/index.php\/wp-json\/wp\/v2\/posts"}],"about":[{"href":"https:\/\/nvnoticias.mx\/index.php\/wp-json\/wp\/v2\/types\/post"}],"author":[{"embeddable":true,"href":"https:\/\/nvnoticias.mx\/index.php\/wp-json\/wp\/v2\/users\/35"}],"replies":[{"embeddable":true,"href":"https:\/\/nvnoticias.mx\/index.php\/wp-json\/wp\/v2\/comments?post=110462"}],"version-history":[{"count":2,"href":"https:\/\/nvnoticias.mx\/index.php\/wp-json\/wp\/v2\/posts\/110462\/revisions"}],"predecessor-version":[{"id":110464,"href":"https:\/\/nvnoticias.mx\/index.php\/wp-json\/wp\/v2\/posts\/110462\/revisions\/110464"}],"wp:featuredmedia":[{"embeddable":true,"href":"https:\/\/nvnoticias.mx\/index.php\/wp-json\/wp\/v2\/media\/34697"}],"wp:attachment":[{"href":"https:\/\/nvnoticias.mx\/index.php\/wp-json\/wp\/v2\/media?parent=110462"}],"wp:term":[{"taxonomy":"category","embeddable":true,"href":"https:\/\/nvnoticias.mx\/index.php\/wp-json\/wp\/v2\/categories?post=110462"},{"taxonomy":"post_tag","embeddable":true,"href":"https:\/\/nvnoticias.mx\/index.php\/wp-json\/wp\/v2\/tags?post=110462"}],"curies":[{"name":"wp","href":"https:\/\/api.w.org\/{rel}","templated":true}]}}