{"id":110459,"date":"2023-06-16T10:04:48","date_gmt":"2023-06-16T15:04:48","guid":{"rendered":"https:\/\/nvnoticias.mx\/?p=110459"},"modified":"2023-06-16T10:04:50","modified_gmt":"2023-06-16T15:04:50","slug":"confirma-amlo-que-adan-augusto-presento-su-renuncia-como-secretario-de-gobernacion","status":"publish","type":"post","link":"https:\/\/nvnoticias.mx\/index.php\/2023\/06\/16\/confirma-amlo-que-adan-augusto-presento-su-renuncia-como-secretario-de-gobernacion\/","title":{"rendered":"Confirma AMLO que Ad\u00e1n Augusto present\u00f3 su renuncia como secretario de Gobernaci\u00f3n"},"content":{"rendered":"\n<p>El presidente L\u00f3pez Obrador confirm\u00f3 que Ad\u00e1n Augusto, secretario de Gobernaci\u00f3n, present\u00f3 su renuncia.<\/p>\n\n\n\n<p>El&nbsp;<strong>mandatario<\/strong>&nbsp;aclara que no es por ineficiencia o porque haya hecho un mal trabajo, sino porque busca ser \u2018coordinador de la transformaci\u00f3n de M\u00e9xico\u2019 rumbo a la presidencia de la Rep\u00fablica.<\/p>\n\n\n\n<blockquote class=\"wp-block-quote is-layout-flow wp-block-quote-is-layout-flow\"><p>\u201cAyer me present\u00f3 su renuncia Ad\u00e1n Augusto, secretario de Gobernaci\u00f3n, en la circunstancia de que hay miembros del gabinete que van a participar en procesos. En este caso, para ser coordinadores de la transformaci\u00f3n de M\u00e9xico\u201d, explic\u00f3.<\/p><\/blockquote>\n\n\n\n<p><strong>L\u00f3pez Obrador dijo que las renuncias en su gabinete&nbsp;<\/strong>no es por quienes son ineficientes, sino porque \u201cson los mejores\u201d. \u201cEst\u00e1n renunciando porque son los mejores dirigentes de nuestro movimiento y son los que pueden llevar a buen puerto esta embarcaci\u00f3n\u201d, agreg\u00f3.<\/p>\n\n\n\n<p>Fuente:<a href=\"https:\/\/www.elfinanciero.com.mx\/nacional\/2023\/06\/16\/conferencia-de-amlo-sigue-la-mananera-de-este-16-de-junio\/?outputType=amp\" data-type=\"URL\" data-id=\"https:\/\/www.elfinanciero.com.mx\/nacional\/2023\/06\/16\/conferencia-de-amlo-sigue-la-mananera-de-este-16-de-junio\/?outputType=amp\"> El Financiero<\/a> <\/p>\n","protected":false},"excerpt":{"rendered":"<p>El presidente L\u00f3pez Obrador confirm\u00f3 que Ad\u00e1n Augusto, secretario de Gobernaci\u00f3n, present\u00f3 su renuncia. El&nbsp;mandatario&nbsp;aclara que no es por ineficiencia o porque haya hecho un mal trabajo, sino porque busca ser \u2018coordinador de la transformaci\u00f3n de M\u00e9xico\u2019 rumbo a la presidencia de la Rep\u00fablica. \u201cAyer me present\u00f3 su renuncia Ad\u00e1n Augusto, secretario de Gobernaci\u00f3n, en [&hellip;]<\/p>\n","protected":false},"author":35,"featured_media":79338,"comment_status":"open","ping_status":"open","sticky":false,"template":"","format":"standard","meta":{"_monsterinsights_skip_tracking":false,"_monsterinsights_sitenote_active":false,"_monsterinsights_sitenote_note":"","_monsterinsights_sitenote_category":0,"footnotes":""},"categories":[158],"tags":[16465,16597,162,15240,2078,9084],"class_list":["post-110459","post","type-post","status-publish","format-standard","has-post-thumbnail","hentry","category-politica","tag-adan-augusto-lopez","tag-gobernacion","tag-portada","tag-presento","tag-renuncia","tag-secretario","wp-image-borders"],"amp_enabled":true,"_links":{"self":[{"href":"https:\/\/nvnoticias.mx\/index.php\/wp-json\/wp\/v2\/posts\/110459","targetHints":{"allow":["GET"]}}],"collection":[{"href":"https:\/\/nvnoticias.mx\/index.php\/wp-json\/wp\/v2\/posts"}],"about":[{"href":"https:\/\/nvnoticias.mx\/index.php\/wp-json\/wp\/v2\/types\/post"}],"author":[{"embeddable":true,"href":"https:\/\/nvnoticias.mx\/index.php\/wp-json\/wp\/v2\/users\/35"}],"replies":[{"embeddable":true,"href":"https:\/\/nvnoticias.mx\/index.php\/wp-json\/wp\/v2\/comments?post=110459"}],"version-history":[{"count":2,"href":"https:\/\/nvnoticias.mx\/index.php\/wp-json\/wp\/v2\/posts\/110459\/revisions"}],"predecessor-version":[{"id":110461,"href":"https:\/\/nvnoticias.mx\/index.php\/wp-json\/wp\/v2\/posts\/110459\/revisions\/110461"}],"wp:featuredmedia":[{"embeddable":true,"href":"https:\/\/nvnoticias.mx\/index.php\/wp-json\/wp\/v2\/media\/79338"}],"wp:attachment":[{"href":"https:\/\/nvnoticias.mx\/index.php\/wp-json\/wp\/v2\/media?parent=110459"}],"wp:term":[{"taxonomy":"category","embeddable":true,"href":"https:\/\/nvnoticias.mx\/index.php\/wp-json\/wp\/v2\/categories?post=110459"},{"taxonomy":"post_tag","embeddable":true,"href":"https:\/\/nvnoticias.mx\/index.php\/wp-json\/wp\/v2\/tags?post=110459"}],"curies":[{"name":"wp","href":"https:\/\/api.w.org\/{rel}","templated":true}]}}