{"id":110444,"date":"2023-06-15T20:24:21","date_gmt":"2023-06-16T01:24:21","guid":{"rendered":"https:\/\/nvnoticias.mx\/?p=110444"},"modified":"2023-06-15T20:24:45","modified_gmt":"2023-06-16T01:24:45","slug":"nuevo-plan-de-tacubaya","status":"publish","type":"post","link":"https:\/\/nvnoticias.mx\/index.php\/2023\/06\/15\/nuevo-plan-de-tacubaya\/","title":{"rendered":"Nuevo Plan de Tacubaya"},"content":{"rendered":"\n<p><strong>Juan Jos\u00e9 Rodr\u00edguez Prats<\/strong><\/p>\n\n\n\n<blockquote class=\"wp-block-quote is-layout-flow wp-block-quote-is-layout-flow\"><p><em>Toda polis digna de ese nombre, que no es una polis s\u00f3lo de nombre, debe dedicarse al fin de fomentar lo bueno. Si no, una asociaci\u00f3n pol\u00edtica degenera en una mera alianza.<\/em><\/p><cite><strong>Arist\u00f3teles<\/strong><\/cite><\/blockquote>\n\n\n\n<p>Hoy deber\u00edamos releer&nbsp;<em>Teor\u00eda de la Constituci\u00f3n<\/em>, un gran texto jur\u00eddico escrito hace 50 a\u00f1os por el jurista Karl Loewenstein. Transcribo dos ideas: \u201cEl poder sin control adquiere un acento moral negativo que revela lo demoniaco en el elemento del poder y lo patol\u00f3gico en el proceso del poder (&#8230;) Limitar el poder pol\u00edtico quiere decir limitar a los detentadores del poder; esto es el n\u00facleo de lo que en la historia antigua y moderna de la pol\u00edtica aparece como el constitucionalismo\u201d.<\/p>\n\n\n\n<p>A pesar de la abrumadora cascada de an\u00e1lisis cotidiano de los editorialistas, no se ha insistido en la enorme trascendencia de la reuni\u00f3n que sostuvo en d\u00edas pasados la \u201cnomenklatura\u201d de Morena con su jefe, el presidente Andr\u00e9s Manuel L\u00f3pez Obrador. Haciendo un ejercicio de memoria, solamente encuentro \u2014a mi juicio\u2014 un antecedente similar: el Plan de Tacubaya.<\/p>\n\n\n\n<p>Este plan fue producto de una reuni\u00f3n a la que asistieron el presidente Ignacio Comonfort, el general F\u00e9lix Mar\u00eda Zuloaga; el gobernador del Distrito Federal, Juan Jos\u00e9 Baz, y Manuel Payno, escritor y diplom\u00e1tico. El documento (17\/12\/1857), despu\u00e9s de consideraciones como expresar que \u201c\u2026 las Fuerzas Armadas no deben sostener lo que la naci\u00f3n no quiere, y s\u00ed ser el apoyo y defensa de la voluntad p\u00fablica, declara que desde esa fecha cesar\u00e1 de seguir en la Rep\u00fablica la Constituci\u00f3n\u201d, que \u201c\u2026 acatando el voto un\u00e1nime de los pueblos, expresado en la libre elecci\u00f3n que hicieron del Excmo. Sr, Presidente D. Ignacio Comonfort, para Presidente de la Rep\u00fablica, continuar\u00e1 en el mando Supremo con facultades omn\u00edmodas\u201d.<\/p>\n\n\n\n<p>Por posteriores desavenencias entre ellos, el Ej\u00e9rcito se sublev\u00f3 para desconocer al presidente Comonfort. \u00c9ste, al saberlo, procedi\u00f3 a liberar de reclusi\u00f3n al presidente de la Suprema Corte, Benito Ju\u00e1rez, a quien legalmente le correspond\u00eda asumir el cargo.<\/p>\n\n\n\n<p>Relato estos hechos e invito a encontrar coincidencias con los \u00faltimos acontecimientos. Es evidente el resquebrajamiento del Estado de derecho. La normatividad electoral y sus autoridades han sido totalmente avasalladas. El espect\u00e1culo de Yasm\u00edn Esquivel para evitar que la verdad del plagio de su tesis se conozca pasar\u00e1 a la historia como uno de los actos m\u00e1s c\u00ednicos y deleznables en el comportamiento de un servidor p\u00fablico. Las agresiones a la SCJN y a la UNAM son se\u00f1ales de una seria descomposici\u00f3n institucional. Los medios dan cuenta de ataques m\u00e1s graves en todo el territorio de la Rep\u00fablica.<\/p>\n\n\n\n<p>Hagamos una reflexi\u00f3n sobre la oposici\u00f3n. Hay un enorme extrav\u00edo de sus m\u00e1s elementales deberes. Cada partido tiene la obligaci\u00f3n de postular candidatos conforme su normatividad interna para ofrecer a la ciudadan\u00eda a quienes sean los m\u00e1s id\u00f3neos por su capacidad para el desempe\u00f1o del cargo y el grado de competitividad para ganar. Los correligionarios de cada instituci\u00f3n, evidentemente, se conocen unos a otros y son responsables de sus procesos internos.<\/p>\n\n\n\n<p>La democracia se sustenta en el principio de confiar en la capacidad ciudadana para elegir a los servidores p\u00fablicos. Pretender suplantarla es atentar contra la dignidad personal de los electores.<\/p>\n\n\n\n<p>Me asombra la enorme ingenuidad de nuestra clase pol\u00edtica que se esmera en inventar m\u00e9todos cada vez m\u00e1s complejos para realizar ese elemental ejercicio. \u00bfNo hay a estas alturas quien pueda asumir ese reto? \u00bfNo tenemos la sensibilidad, sin necesidad de imitar a los adversarios con consultas, encuestas y dem\u00e1s pr\u00e1cticas ama\u00f1adas para asumir decisiones? Lamentable nuestro infantilismo en la m\u00e1s seria y universal profesi\u00f3n: la pol\u00edtica.<\/p>\n\n\n\n<p>En resumen, el Plan de Tacubaya provoc\u00f3 una guerra civil de tres a\u00f1os y la posterior invasi\u00f3n francesa. Los partidos pol\u00edticos se han deteriorado y buena parte de la ciudadan\u00eda permanece indiferente. No soy catastrofista, simplemente recuerdo el pasado.<\/p>\n\n\n\n<p><\/p>\n","protected":false},"excerpt":{"rendered":"<p>Juan Jos\u00e9 Rodr\u00edguez Prats Toda polis digna de ese nombre, que no es una polis s\u00f3lo de nombre, debe dedicarse al fin de fomentar lo bueno. Si no, una asociaci\u00f3n pol\u00edtica degenera en una mera alianza. Arist\u00f3teles Hoy deber\u00edamos releer&nbsp;Teor\u00eda de la Constituci\u00f3n, un gran texto jur\u00eddico escrito hace 50 a\u00f1os por el jurista Karl [&hellip;]<\/p>\n","protected":false},"author":17,"featured_media":110445,"comment_status":"open","ping_status":"open","sticky":false,"template":"","format":"standard","meta":{"_monsterinsights_skip_tracking":false,"_monsterinsights_sitenote_active":false,"_monsterinsights_sitenote_note":"","_monsterinsights_sitenote_category":0,"footnotes":""},"categories":[614],"tags":[397],"class_list":["post-110444","post","type-post","status-publish","format-standard","has-post-thumbnail","hentry","category-politica-de-principios","tag-juan-jose-rodriguez-prats-2","wp-image-borders"],"amp_enabled":true,"_links":{"self":[{"href":"https:\/\/nvnoticias.mx\/index.php\/wp-json\/wp\/v2\/posts\/110444","targetHints":{"allow":["GET"]}}],"collection":[{"href":"https:\/\/nvnoticias.mx\/index.php\/wp-json\/wp\/v2\/posts"}],"about":[{"href":"https:\/\/nvnoticias.mx\/index.php\/wp-json\/wp\/v2\/types\/post"}],"author":[{"embeddable":true,"href":"https:\/\/nvnoticias.mx\/index.php\/wp-json\/wp\/v2\/users\/17"}],"replies":[{"embeddable":true,"href":"https:\/\/nvnoticias.mx\/index.php\/wp-json\/wp\/v2\/comments?post=110444"}],"version-history":[{"count":2,"href":"https:\/\/nvnoticias.mx\/index.php\/wp-json\/wp\/v2\/posts\/110444\/revisions"}],"predecessor-version":[{"id":110447,"href":"https:\/\/nvnoticias.mx\/index.php\/wp-json\/wp\/v2\/posts\/110444\/revisions\/110447"}],"wp:featuredmedia":[{"embeddable":true,"href":"https:\/\/nvnoticias.mx\/index.php\/wp-json\/wp\/v2\/media\/110445"}],"wp:attachment":[{"href":"https:\/\/nvnoticias.mx\/index.php\/wp-json\/wp\/v2\/media?parent=110444"}],"wp:term":[{"taxonomy":"category","embeddable":true,"href":"https:\/\/nvnoticias.mx\/index.php\/wp-json\/wp\/v2\/categories?post=110444"},{"taxonomy":"post_tag","embeddable":true,"href":"https:\/\/nvnoticias.mx\/index.php\/wp-json\/wp\/v2\/tags?post=110444"}],"curies":[{"name":"wp","href":"https:\/\/api.w.org\/{rel}","templated":true}]}}