{"id":110442,"date":"2023-06-15T20:05:25","date_gmt":"2023-06-16T01:05:25","guid":{"rendered":"https:\/\/nvnoticias.mx\/?p=110442"},"modified":"2023-06-15T20:05:26","modified_gmt":"2023-06-16T01:05:26","slug":"santi-gimenez-es-elegido-como-el-jugador-de-la-temporada-en-el-feyenoord","status":"publish","type":"post","link":"https:\/\/nvnoticias.mx\/index.php\/2023\/06\/15\/santi-gimenez-es-elegido-como-el-jugador-de-la-temporada-en-el-feyenoord\/","title":{"rendered":"Santi Gim\u00e9nez es elegido como el &#8216;Jugador de la temporada&#8217; en el Feyenoord"},"content":{"rendered":"\n<p>Santi Gim\u00e9nez, delantero del\u00a0Feyenoord, fue elegido como el &#8216;Jugador de la temporada&#8217; por parte de la escuadra de Rotterdam, una &#8216;cereza&#8217; a lo que fue un a\u00f1o de ensue\u00f1o para el mexicano en su primera campa\u00f1a en Europa.<\/p>\n\n\n\n<p>El &#8216;Bebote&#8217; fue elegido por la Legionen (la afici\u00f3n del Feyenoord) que buscaba al mejor elemento del conjunto porte\u00f1o en la campa\u00f1a de la Eredivisie reci\u00e9n concluida.<\/p>\n\n\n\n<p>Gim\u00e9nez fue electo como ganador en una votaci\u00f3n que fue difundida en redes sociales y en donde el mexicano venci\u00f3 a jugadores como\u00a0Orkun K\u00f6kc\u00fc y Sebastian Szyma\u0144ski.<\/p>\n\n\n\n<p>Con 23 goles, Santiago Gim\u00e9nez es el elemento que m\u00e1s tantos lograron en todas las competencias del Feyenoord la temporada reci\u00e9n concluida, todo en la primera campa\u00f1a del mexicano en el futbol de Europa.<\/p>\n\n\n\n<p>El delantero mexicano conect\u00f3 de inmediato con la afici\u00f3n del Feyenoord que no ha dejado de aclamarlo, tambi\u00e9n por ser una pieza importante en la consecuci\u00f3n del t\u00edtulo de la Eredivisie.<\/p>\n\n\n\n<p>El idilio del mexicano con aficionados del Feyenoord tambi\u00e9n se dio atr\u00e1s ya que Gim\u00e9nez hab\u00eda sido elegido tambi\u00e9n para otros premios como lo mejor del mes en el equipo porte\u00f1o.<\/p>\n\n\n\n<p>Fuente: <a href=\"https:\/\/www.tudn.com\/futbol\/dutch-eredivisie\/santi-gimenez-elegido-como-jugador-temporada-feyenoord\">TUDN<\/a><\/p>\n","protected":false},"excerpt":{"rendered":"<p>Santi Gim\u00e9nez, delantero del\u00a0Feyenoord, fue elegido como el &#8216;Jugador de la temporada&#8217; por parte de la escuadra de Rotterdam, una &#8216;cereza&#8217; a lo que fue un a\u00f1o de ensue\u00f1o para el mexicano en su primera campa\u00f1a en Europa. El &#8216;Bebote&#8217; fue elegido por la Legionen (la afici\u00f3n del Feyenoord) que buscaba al mejor elemento del [&hellip;]<\/p>\n","protected":false},"author":8,"featured_media":98948,"comment_status":"open","ping_status":"open","sticky":false,"template":"","format":"standard","meta":{"_monsterinsights_skip_tracking":false,"_monsterinsights_sitenote_active":false,"_monsterinsights_sitenote_note":"","_monsterinsights_sitenote_category":0,"footnotes":""},"categories":[159],"tags":[17732,17699],"class_list":["post-110442","post","type-post","status-publish","format-standard","has-post-thumbnail","hentry","category-deportes","tag-feyenoord","tag-santiago-gimenez","wp-image-borders"],"amp_enabled":true,"_links":{"self":[{"href":"https:\/\/nvnoticias.mx\/index.php\/wp-json\/wp\/v2\/posts\/110442","targetHints":{"allow":["GET"]}}],"collection":[{"href":"https:\/\/nvnoticias.mx\/index.php\/wp-json\/wp\/v2\/posts"}],"about":[{"href":"https:\/\/nvnoticias.mx\/index.php\/wp-json\/wp\/v2\/types\/post"}],"author":[{"embeddable":true,"href":"https:\/\/nvnoticias.mx\/index.php\/wp-json\/wp\/v2\/users\/8"}],"replies":[{"embeddable":true,"href":"https:\/\/nvnoticias.mx\/index.php\/wp-json\/wp\/v2\/comments?post=110442"}],"version-history":[{"count":1,"href":"https:\/\/nvnoticias.mx\/index.php\/wp-json\/wp\/v2\/posts\/110442\/revisions"}],"predecessor-version":[{"id":110443,"href":"https:\/\/nvnoticias.mx\/index.php\/wp-json\/wp\/v2\/posts\/110442\/revisions\/110443"}],"wp:featuredmedia":[{"embeddable":true,"href":"https:\/\/nvnoticias.mx\/index.php\/wp-json\/wp\/v2\/media\/98948"}],"wp:attachment":[{"href":"https:\/\/nvnoticias.mx\/index.php\/wp-json\/wp\/v2\/media?parent=110442"}],"wp:term":[{"taxonomy":"category","embeddable":true,"href":"https:\/\/nvnoticias.mx\/index.php\/wp-json\/wp\/v2\/categories?post=110442"},{"taxonomy":"post_tag","embeddable":true,"href":"https:\/\/nvnoticias.mx\/index.php\/wp-json\/wp\/v2\/tags?post=110442"}],"curies":[{"name":"wp","href":"https:\/\/api.w.org\/{rel}","templated":true}]}}