{"id":110418,"date":"2023-06-15T14:21:01","date_gmt":"2023-06-15T19:21:01","guid":{"rendered":"https:\/\/nvnoticias.mx\/?p=110418"},"modified":"2023-06-15T14:21:02","modified_gmt":"2023-06-15T19:21:02","slug":"estima-canaco-que-el-festejo-a-papa-generara-40-mdp","status":"publish","type":"post","link":"https:\/\/nvnoticias.mx\/index.php\/2023\/06\/15\/estima-canaco-que-el-festejo-a-papa-generara-40-mdp\/","title":{"rendered":"Estima Canaco que el festejo a pap\u00e1 generar\u00e1  40 mdp"},"content":{"rendered":"\n<p><strong>Jes\u00fas Utrilla \/ NV Noticias <\/strong><\/p>\n\n\n\n<p>La C\u00e1mara Nacional de Comercio de Veracruz y Boca del R\u00edo estima una derrama econ\u00f3mica de 40 millones de pesos durante los festejos del D\u00eda del Padre. <\/p>\n\n\n\n<p>Edi Alberto Mart\u00ednez Tejeda, presidente local de la c\u00e1mara, reconoce que esta cifra representa la mitad de lo obtenido en el D\u00eda de las Madres, pero a\u00fan as\u00ed contribuir\u00e1 al flujo de recursos en la zona metropolitana.<\/p>\n\n\n\n<p>Adem\u00e1s de los restaurantes, se espera un aumento en las ventas de tiendas departamentales, zapater\u00edas y relojer\u00edas debido a los regalos para los padres. <\/p>\n\n\n\n<p>Mart\u00ednez Tejeda destaca que las florer\u00edas, las tiendas de regalos, los restaurantes y los cines tambi\u00e9n se beneficiar\u00e1n, ya que se observa una buena perspectiva en general.<\/p>\n\n\n\n<p>En el pasado 10 de mayo, la C\u00e1mara Nacional de Comercio de Veracruz registr\u00f3 una derrama econ\u00f3mica de 90 millones de pesos, y se espera alcanzar los 40 millones de pesos durante el fin de semana de celebraci\u00f3n del D\u00eda del Padre.<\/p>\n\n\n\n<p>Mart\u00ednez Tejeda conf\u00eda en que el flujo tur\u00edstico en la zona conurbada de Veracruz-Boca del R\u00edo se mantenga, ya que esto beneficiar\u00e1 a diversos sectores, incluido el comercio. <\/p>\n\n\n\n<p>Enfatiza en que las expectativas son positivas para el pr\u00f3ximo fin de semana.<\/p>\n","protected":false},"excerpt":{"rendered":"<p>Jes\u00fas Utrilla \/ NV Noticias La C\u00e1mara Nacional de Comercio de Veracruz y Boca del R\u00edo estima una derrama econ\u00f3mica de 40 millones de pesos durante los festejos del D\u00eda del Padre. Edi Alberto Mart\u00ednez Tejeda, presidente local de la c\u00e1mara, reconoce que esta cifra representa la mitad de lo obtenido en el D\u00eda de [&hellip;]<\/p>\n","protected":false},"author":8,"featured_media":16566,"comment_status":"open","ping_status":"open","sticky":false,"template":"","format":"standard","meta":{"_monsterinsights_skip_tracking":false,"_monsterinsights_sitenote_active":false,"_monsterinsights_sitenote_note":"","_monsterinsights_sitenote_category":0,"footnotes":""},"categories":[154],"tags":[978,10940,25768],"class_list":["post-110418","post","type-post","status-publish","format-standard","has-post-thumbnail","hentry","category-veracruz","tag-canaco","tag-derrama-economica","tag-festejos-dia-del-padre","wp-image-borders"],"amp_enabled":true,"_links":{"self":[{"href":"https:\/\/nvnoticias.mx\/index.php\/wp-json\/wp\/v2\/posts\/110418","targetHints":{"allow":["GET"]}}],"collection":[{"href":"https:\/\/nvnoticias.mx\/index.php\/wp-json\/wp\/v2\/posts"}],"about":[{"href":"https:\/\/nvnoticias.mx\/index.php\/wp-json\/wp\/v2\/types\/post"}],"author":[{"embeddable":true,"href":"https:\/\/nvnoticias.mx\/index.php\/wp-json\/wp\/v2\/users\/8"}],"replies":[{"embeddable":true,"href":"https:\/\/nvnoticias.mx\/index.php\/wp-json\/wp\/v2\/comments?post=110418"}],"version-history":[{"count":1,"href":"https:\/\/nvnoticias.mx\/index.php\/wp-json\/wp\/v2\/posts\/110418\/revisions"}],"predecessor-version":[{"id":110419,"href":"https:\/\/nvnoticias.mx\/index.php\/wp-json\/wp\/v2\/posts\/110418\/revisions\/110419"}],"wp:featuredmedia":[{"embeddable":true,"href":"https:\/\/nvnoticias.mx\/index.php\/wp-json\/wp\/v2\/media\/16566"}],"wp:attachment":[{"href":"https:\/\/nvnoticias.mx\/index.php\/wp-json\/wp\/v2\/media?parent=110418"}],"wp:term":[{"taxonomy":"category","embeddable":true,"href":"https:\/\/nvnoticias.mx\/index.php\/wp-json\/wp\/v2\/categories?post=110418"},{"taxonomy":"post_tag","embeddable":true,"href":"https:\/\/nvnoticias.mx\/index.php\/wp-json\/wp\/v2\/tags?post=110418"}],"curies":[{"name":"wp","href":"https:\/\/api.w.org\/{rel}","templated":true}]}}