{"id":110397,"date":"2023-06-15T11:42:19","date_gmt":"2023-06-15T16:42:19","guid":{"rendered":"https:\/\/nvnoticias.mx\/?p=110397"},"modified":"2023-06-15T11:42:20","modified_gmt":"2023-06-15T16:42:20","slug":"suspenden-cirugias-en-el-hospital-de-veracruz-por-falta-de-climas","status":"publish","type":"post","link":"https:\/\/nvnoticias.mx\/index.php\/2023\/06\/15\/suspenden-cirugias-en-el-hospital-de-veracruz-por-falta-de-climas\/","title":{"rendered":"Suspenden cirug\u00edas en el Hospital de Veracruz por falta de climas"},"content":{"rendered":"\n<p><strong>Jes\u00fas Utrilla | NV Noticias <\/strong><\/p>\n\n\n\n<p>Por falta de aire acondicionado suspendieron quince cirug\u00edas en el Hospital de Alta Especialidad de Veracruz. No funcionaron los climas en \u00e1rea de quemados y quir\u00f3fanos.&nbsp;<\/p>\n\n\n\n<p>La situaci\u00f3n se present\u00f3 el martes 13 de junio, seg\u00fan el reporte interno del nosocomio.<\/p>\n\n\n\n<p>Al menos 15 cirug\u00edas fueron canceladas y reprogramadas, pues el calor era insoportable, adem\u00e1s que seg\u00fan la reglamentaci\u00f3n de salubridad no se deben realizar este tipo de servicios de salud sin una temperatura correcta que evita infecciones y creaci\u00f3n de organismos que pueden causar afectaciones a heridas.<\/p>\n\n\n\n<p>La falta de aire acondicionado tambi\u00e9n afect\u00f3 el cub\u00edculo de quemados y de pacientes con bacterias que son dif\u00edciles de combatir.<\/p>\n\n\n\n<p>De acuerdo a los trabajadores no es la primera vez que sucede esta situaci\u00f3n en la cual se pone en riesgo la vida de los pacientes ante los retrasos y cancelaciones de las intervenciones.<\/p>\n\n\n\n<p>Los familiares de pacientes lamentaron que contin\u00fae esta situaci\u00f3n en este hospital, a\u00fan cuando apenas hace un mes se dio el cambio de la Direcci\u00f3n General.<\/p>\n\n\n\n<p>A su parecer el cambio no fue favorable ya que se siguen presentando varias problem\u00e1ticas que afectan el buen funcionamiento del nosocomio y no se puede dar un servicio de primer nivel a personas que m\u00e1s lo necesitan.<\/p>\n\n\n\n<p>Recordaron que muchas personas que acuden a recibir esa atenci\u00f3n m\u00e9dica son de escasos recursos por lo que pidieron que las autoridades revisen el problema.<\/p>\n","protected":false},"excerpt":{"rendered":"<p>Jes\u00fas Utrilla | NV Noticias Por falta de aire acondicionado suspendieron quince cirug\u00edas en el Hospital de Alta Especialidad de Veracruz. No funcionaron los climas en \u00e1rea de quemados y quir\u00f3fanos.&nbsp; La situaci\u00f3n se present\u00f3 el martes 13 de junio, seg\u00fan el reporte interno del nosocomio. Al menos 15 cirug\u00edas fueron canceladas y reprogramadas, pues [&hellip;]<\/p>\n","protected":false},"author":35,"featured_media":110398,"comment_status":"open","ping_status":"open","sticky":false,"template":"","format":"standard","meta":{"_monsterinsights_skip_tracking":false,"_monsterinsights_sitenote_active":false,"_monsterinsights_sitenote_note":"","_monsterinsights_sitenote_category":0,"footnotes":""},"categories":[154],"tags":[3273,4887,24598,5718],"class_list":["post-110397","post","type-post","status-publish","format-standard","has-post-thumbnail","hentry","category-veracruz","tag-cirugias","tag-climas","tag-hospital-de-veracruz","tag-suspenden","wp-image-borders"],"amp_enabled":true,"_links":{"self":[{"href":"https:\/\/nvnoticias.mx\/index.php\/wp-json\/wp\/v2\/posts\/110397","targetHints":{"allow":["GET"]}}],"collection":[{"href":"https:\/\/nvnoticias.mx\/index.php\/wp-json\/wp\/v2\/posts"}],"about":[{"href":"https:\/\/nvnoticias.mx\/index.php\/wp-json\/wp\/v2\/types\/post"}],"author":[{"embeddable":true,"href":"https:\/\/nvnoticias.mx\/index.php\/wp-json\/wp\/v2\/users\/35"}],"replies":[{"embeddable":true,"href":"https:\/\/nvnoticias.mx\/index.php\/wp-json\/wp\/v2\/comments?post=110397"}],"version-history":[{"count":1,"href":"https:\/\/nvnoticias.mx\/index.php\/wp-json\/wp\/v2\/posts\/110397\/revisions"}],"predecessor-version":[{"id":110399,"href":"https:\/\/nvnoticias.mx\/index.php\/wp-json\/wp\/v2\/posts\/110397\/revisions\/110399"}],"wp:featuredmedia":[{"embeddable":true,"href":"https:\/\/nvnoticias.mx\/index.php\/wp-json\/wp\/v2\/media\/110398"}],"wp:attachment":[{"href":"https:\/\/nvnoticias.mx\/index.php\/wp-json\/wp\/v2\/media?parent=110397"}],"wp:term":[{"taxonomy":"category","embeddable":true,"href":"https:\/\/nvnoticias.mx\/index.php\/wp-json\/wp\/v2\/categories?post=110397"},{"taxonomy":"post_tag","embeddable":true,"href":"https:\/\/nvnoticias.mx\/index.php\/wp-json\/wp\/v2\/tags?post=110397"}],"curies":[{"name":"wp","href":"https:\/\/api.w.org\/{rel}","templated":true}]}}