{"id":110322,"date":"2023-06-14T16:06:42","date_gmt":"2023-06-14T21:06:42","guid":{"rendered":"https:\/\/nvnoticias.mx\/?p=110322"},"modified":"2023-06-14T16:06:43","modified_gmt":"2023-06-14T21:06:43","slug":"sedecop-impulsa-a-empresas-locales-para-que-participen-en-el-proyecto-del-corredor-interoceanico","status":"publish","type":"post","link":"https:\/\/nvnoticias.mx\/index.php\/2023\/06\/14\/sedecop-impulsa-a-empresas-locales-para-que-participen-en-el-proyecto-del-corredor-interoceanico\/","title":{"rendered":"Sedecop impulsa a empresas locales para que participen en el proyecto del Corredor Interoce\u00e1nico"},"content":{"rendered":"\n<p><strong>Jes\u00fas Utrilla \/ NV Noticias <\/strong><\/p>\n\n\n\n<p>Enrique Nach\u00f3n Garc\u00eda, secretario de Desarrollo Econ\u00f3mico y Portuario de Veracruz (Sedecop), anunci\u00f3 que se ha asegurado una inversi\u00f3n extranjera directa de 130 mil millones de pesos para el estado.<\/p>\n\n\n\n<p>El objetivo principal es fomentar la especializaci\u00f3n y certificaci\u00f3n de las empresas veracruzanas, permiti\u00e9ndoles participar en el proyecto del Corredor Interoce\u00e1nico Istmo de Tehuantepec.<\/p>\n\n\n\n<p>Veracruz destaca como el principal productor de energ\u00eda del pa\u00eds, y el desarrollo de proveedores especializados es una prioridad. Por esta raz\u00f3n, se brinda apoyo y certificaciones a m\u00e1s de 200 empresas veracruzanas que ya son proveedoras.<\/p>\n\n\n\n<p>Se busca una econom\u00eda s\u00f3lida y compleja, donde se fomente la colaboraci\u00f3n entre la mano de obra local, la cadena de suministro y el mercado local. <\/p>\n\n\n\n<p>Al atraer nuevas industrias, se garantiza el suministro de insumos y mano de obra necesarios.<\/p>\n\n\n\n<p>El sector terciario (comercio y servicios) representa el 66% de la econom\u00eda de Veracruz, por lo que se busca fortalecer el sector industrial, que actualmente representa m\u00e1s del 30%. <\/p>\n\n\n\n<p>Se trabaja de manera intensiva con la industria automotriz, dado que el 60% de las exportaciones de M\u00e9xico se realizan a trav\u00e9s de Veracruz.<\/p>\n\n\n\n<p>En consecuencia, se est\u00e1n creando las condiciones adecuadas para apoyar a este sector. Adem\u00e1s, se est\u00e1n fortaleciendo las pol\u00edticas energ\u00e9ticas para atraer inversiones. <\/p>\n\n\n\n<p>Aunque los resultados no son inmediatos, el a\u00f1o pasado se registr\u00f3 un incremento significativo en el comercio exterior y en las exportaciones, lo que est\u00e1 frenando la ca\u00edda econ\u00f3mica que se hab\u00eda observado anteriormente en el estado. <\/p>\n\n\n\n<p>Se est\u00e1n haciendo esfuerzos para mejorar la situaci\u00f3n en Veracruz. Como parte del plan de crecimiento de Veracruz, la Secretar\u00eda de Desarrollo Econ\u00f3mico y Portuario (SEDECOP) ha firmado un convenio con la Confederaci\u00f3n de Agentes Aduanales. <\/p>\n\n\n\n<p>Este acuerdo tiene como objetivo proporcionar asesoramiento a las micro, medianas y peque\u00f1as empresas para facilitar la exportaci\u00f3n de sus productos.<\/p>\n","protected":false},"excerpt":{"rendered":"<p>Jes\u00fas Utrilla \/ NV Noticias Enrique Nach\u00f3n Garc\u00eda, secretario de Desarrollo Econ\u00f3mico y Portuario de Veracruz (Sedecop), anunci\u00f3 que se ha asegurado una inversi\u00f3n extranjera directa de 130 mil millones de pesos para el estado. El objetivo principal es fomentar la especializaci\u00f3n y certificaci\u00f3n de las empresas veracruzanas, permiti\u00e9ndoles participar en el proyecto del Corredor [&hellip;]<\/p>\n","protected":false},"author":8,"featured_media":110323,"comment_status":"open","ping_status":"open","sticky":false,"template":"","format":"standard","meta":{"_monsterinsights_skip_tracking":false,"_monsterinsights_sitenote_active":false,"_monsterinsights_sitenote_note":"","_monsterinsights_sitenote_category":0,"footnotes":""},"categories":[154],"tags":[4681],"class_list":["post-110322","post","type-post","status-publish","format-standard","has-post-thumbnail","hentry","category-veracruz","tag-sedecop","wp-image-borders"],"amp_enabled":true,"_links":{"self":[{"href":"https:\/\/nvnoticias.mx\/index.php\/wp-json\/wp\/v2\/posts\/110322","targetHints":{"allow":["GET"]}}],"collection":[{"href":"https:\/\/nvnoticias.mx\/index.php\/wp-json\/wp\/v2\/posts"}],"about":[{"href":"https:\/\/nvnoticias.mx\/index.php\/wp-json\/wp\/v2\/types\/post"}],"author":[{"embeddable":true,"href":"https:\/\/nvnoticias.mx\/index.php\/wp-json\/wp\/v2\/users\/8"}],"replies":[{"embeddable":true,"href":"https:\/\/nvnoticias.mx\/index.php\/wp-json\/wp\/v2\/comments?post=110322"}],"version-history":[{"count":1,"href":"https:\/\/nvnoticias.mx\/index.php\/wp-json\/wp\/v2\/posts\/110322\/revisions"}],"predecessor-version":[{"id":110324,"href":"https:\/\/nvnoticias.mx\/index.php\/wp-json\/wp\/v2\/posts\/110322\/revisions\/110324"}],"wp:featuredmedia":[{"embeddable":true,"href":"https:\/\/nvnoticias.mx\/index.php\/wp-json\/wp\/v2\/media\/110323"}],"wp:attachment":[{"href":"https:\/\/nvnoticias.mx\/index.php\/wp-json\/wp\/v2\/media?parent=110322"}],"wp:term":[{"taxonomy":"category","embeddable":true,"href":"https:\/\/nvnoticias.mx\/index.php\/wp-json\/wp\/v2\/categories?post=110322"},{"taxonomy":"post_tag","embeddable":true,"href":"https:\/\/nvnoticias.mx\/index.php\/wp-json\/wp\/v2\/tags?post=110322"}],"curies":[{"name":"wp","href":"https:\/\/api.w.org\/{rel}","templated":true}]}}