{"id":110316,"date":"2023-06-14T15:54:27","date_gmt":"2023-06-14T20:54:27","guid":{"rendered":"https:\/\/nvnoticias.mx\/?p=110316"},"modified":"2023-06-14T15:54:28","modified_gmt":"2023-06-14T20:54:28","slug":"mejoro-el-despacho-de-mercancia-por-el-puerto-de-veracruz","status":"publish","type":"post","link":"https:\/\/nvnoticias.mx\/index.php\/2023\/06\/14\/mejoro-el-despacho-de-mercancia-por-el-puerto-de-veracruz\/","title":{"rendered":"Mejor\u00f3 el despacho de mercanc\u00eda por el Puerto de Veracruz"},"content":{"rendered":"\n<p><strong>Jes\u00fas Utrilla \/ NV Noticias <\/strong><\/p>\n\n\n\n<p>En la Aduana de Veracruz, se ha reducido el tiempo de despacho de mercanc\u00eda, aunque esta mejora ser\u00e1 m\u00e1s evidente una vez que la nueva infraestructura est\u00e9 en pleno funcionamiento. Seg\u00fan Marco A. <\/p>\n\n\n\n<p>Sansores Ram\u00edrez, presidente de la Asociaci\u00f3n de Agentes Aduanales del Puerto de Veracruz, los tiempos de despacho se reducir\u00e1n m\u00e1s cuando todos los equipos est\u00e9n completamente operativos. <\/p>\n\n\n\n<p>Adem\u00e1s, se espera que la puesta en marcha de la nueva aduana contribuya a agilizar la carga y descarga de mercanc\u00edas mediante la implementaci\u00f3n de facilidades. <\/p>\n\n\n\n<p>Tambi\u00e9n se han realizado mejoras en el transporte, en colaboraci\u00f3n con Asipona, aunque se espera que todas las medidas se cumplan en su totalidad en un futuro cercano. Aunque los tiempos de espera siguen siendo altos, alrededor de seis o siete horas, se ha observado una disminuci\u00f3n gradual.<\/p>\n\n\n\n<p>Cabe destacar que se est\u00e1n invirtiendo mil 650 millones de pesos en la construcci\u00f3n de la nueva aduana del Puerto de Veracruz.<\/p>\n\n\n\n<p>La Asociaci\u00f3n de Agentes Aduanales del Puerto de Veracruz particip\u00f3 en la firma de un convenio de colaboraci\u00f3n entre la Confederaci\u00f3n de Asociaciones de Agentes Aduanales de la Rep\u00fablica Mexicana y la Secretar\u00eda de Desarrollo Econ\u00f3mico y Portuario del Estado de Veracruz.<\/p>\n","protected":false},"excerpt":{"rendered":"<p>Jes\u00fas Utrilla \/ NV Noticias En la Aduana de Veracruz, se ha reducido el tiempo de despacho de mercanc\u00eda, aunque esta mejora ser\u00e1 m\u00e1s evidente una vez que la nueva infraestructura est\u00e9 en pleno funcionamiento. Seg\u00fan Marco A. Sansores Ram\u00edrez, presidente de la Asociaci\u00f3n de Agentes Aduanales del Puerto de Veracruz, los tiempos de despacho [&hellip;]<\/p>\n","protected":false},"author":8,"featured_media":110317,"comment_status":"open","ping_status":"open","sticky":false,"template":"","format":"standard","meta":{"_monsterinsights_skip_tracking":false,"_monsterinsights_sitenote_active":false,"_monsterinsights_sitenote_note":"","_monsterinsights_sitenote_category":0,"footnotes":""},"categories":[154],"tags":[20148],"class_list":["post-110316","post","type-post","status-publish","format-standard","has-post-thumbnail","hentry","category-veracruz","tag-aduana-del-puerto-de-veracruz","wp-image-borders"],"amp_enabled":true,"_links":{"self":[{"href":"https:\/\/nvnoticias.mx\/index.php\/wp-json\/wp\/v2\/posts\/110316","targetHints":{"allow":["GET"]}}],"collection":[{"href":"https:\/\/nvnoticias.mx\/index.php\/wp-json\/wp\/v2\/posts"}],"about":[{"href":"https:\/\/nvnoticias.mx\/index.php\/wp-json\/wp\/v2\/types\/post"}],"author":[{"embeddable":true,"href":"https:\/\/nvnoticias.mx\/index.php\/wp-json\/wp\/v2\/users\/8"}],"replies":[{"embeddable":true,"href":"https:\/\/nvnoticias.mx\/index.php\/wp-json\/wp\/v2\/comments?post=110316"}],"version-history":[{"count":1,"href":"https:\/\/nvnoticias.mx\/index.php\/wp-json\/wp\/v2\/posts\/110316\/revisions"}],"predecessor-version":[{"id":110318,"href":"https:\/\/nvnoticias.mx\/index.php\/wp-json\/wp\/v2\/posts\/110316\/revisions\/110318"}],"wp:featuredmedia":[{"embeddable":true,"href":"https:\/\/nvnoticias.mx\/index.php\/wp-json\/wp\/v2\/media\/110317"}],"wp:attachment":[{"href":"https:\/\/nvnoticias.mx\/index.php\/wp-json\/wp\/v2\/media?parent=110316"}],"wp:term":[{"taxonomy":"category","embeddable":true,"href":"https:\/\/nvnoticias.mx\/index.php\/wp-json\/wp\/v2\/categories?post=110316"},{"taxonomy":"post_tag","embeddable":true,"href":"https:\/\/nvnoticias.mx\/index.php\/wp-json\/wp\/v2\/tags?post=110316"}],"curies":[{"name":"wp","href":"https:\/\/api.w.org\/{rel}","templated":true}]}}