{"id":110313,"date":"2023-06-14T15:50:01","date_gmt":"2023-06-14T20:50:01","guid":{"rendered":"https:\/\/nvnoticias.mx\/?p=110313"},"modified":"2023-06-14T15:50:02","modified_gmt":"2023-06-14T20:50:02","slug":"los-crimenes-de-odio-y-las-agresiones-contra-la-comunidad-lgbt-va-en-aumento","status":"publish","type":"post","link":"https:\/\/nvnoticias.mx\/index.php\/2023\/06\/14\/los-crimenes-de-odio-y-las-agresiones-contra-la-comunidad-lgbt-va-en-aumento\/","title":{"rendered":"Los cr\u00edmenes de odio y las agresiones contra la comunidad LGBT va en aumento"},"content":{"rendered":"\n<p><strong>Jes\u00fas Utrilla \/ NV Noticias <\/strong><\/p>\n\n\n\n<p>Al menos dos crimes de odio son investigados por la Fiscal\u00eda en Veracruz, sin embargo, la incidencia es mayor y no se denuncia por temor, se\u00f1al\u00f3 Guillermo Izacur Maldonado, presidente de la Comunidad Jarochos.<\/p>\n\n\n\n<p>Explic\u00f3 que es com\u00fan que en los bares u otros lugares droguen a los integrantes de la comunidad LGBT para robarles o lastimarlos. Sin embargo, no denuncian la violencia porque muchas veces las investigaciones no culminan en sanciones para los responsables.<\/p>\n\n\n\n<blockquote class=\"wp-block-quote is-layout-flow wp-block-quote-is-layout-flow\"><p><em>\u201cEl tuvo la iniciativa, fue el primero que habl\u00f3 porque ha habido varios casos. Iba a ir hoy a la Fiscal\u00eda a hacer la denuncia y que no se quede en archivo. No es el primer caso pero nadie dice nada por miedo a las represalias\u201d. <\/em><\/p><\/blockquote>\n\n\n\n<p>Se\u00f1al\u00f3 que tambi\u00e9n persiste la discriminaci\u00f3n en el \u00e1mbito laboral por lo que la mayor\u00eda de ellos y ellas se dedican a su propio negocio.<\/p>\n\n\n\n<blockquote class=\"wp-block-quote is-layout-flow wp-block-quote-is-layout-flow\"><p>\u201cEn todos los trabajos tenemos problemas de discriminaci\u00f3n y se\u00f1alamientos. Tienes que trabajar el doble para no tener problemas o no comentar nada\u201d.<\/p><\/blockquote>\n\n\n\n<p>Finalmente se\u00f1al\u00f3 que en julio se llevar\u00e1 a cabo la Marcha del Orgullo Gay, para no intervenir con el carnaval.Ser\u00e1 entre el 15 y 16 de julio sobre el bulevar Manuel \u00c1vila Camacho. Participar\u00e1n varias organizaciones. <\/p>\n\n\n\n<p>Levantar\u00e1n la voz sobre la homofobia, cr\u00edmenes de odio y discriminaci\u00f3n, pues el problema se generaliz\u00f3 por todo el estado, donde los matan y lesionan<\/p>\n","protected":false},"excerpt":{"rendered":"<p>Jes\u00fas Utrilla \/ NV Noticias Al menos dos crimes de odio son investigados por la Fiscal\u00eda en Veracruz, sin embargo, la incidencia es mayor y no se denuncia por temor, se\u00f1al\u00f3 Guillermo Izacur Maldonado, presidente de la Comunidad Jarochos. Explic\u00f3 que es com\u00fan que en los bares u otros lugares droguen a los integrantes de [&hellip;]<\/p>\n","protected":false},"author":8,"featured_media":110314,"comment_status":"open","ping_status":"open","sticky":false,"template":"","format":"standard","meta":{"_monsterinsights_skip_tracking":false,"_monsterinsights_sitenote_active":false,"_monsterinsights_sitenote_note":"","_monsterinsights_sitenote_category":0,"footnotes":""},"categories":[154],"tags":[3255,180],"class_list":["post-110313","post","type-post","status-publish","format-standard","has-post-thumbnail","hentry","category-veracruz","tag-crimenes-de-odio","tag-veracruz","wp-image-borders"],"amp_enabled":true,"_links":{"self":[{"href":"https:\/\/nvnoticias.mx\/index.php\/wp-json\/wp\/v2\/posts\/110313","targetHints":{"allow":["GET"]}}],"collection":[{"href":"https:\/\/nvnoticias.mx\/index.php\/wp-json\/wp\/v2\/posts"}],"about":[{"href":"https:\/\/nvnoticias.mx\/index.php\/wp-json\/wp\/v2\/types\/post"}],"author":[{"embeddable":true,"href":"https:\/\/nvnoticias.mx\/index.php\/wp-json\/wp\/v2\/users\/8"}],"replies":[{"embeddable":true,"href":"https:\/\/nvnoticias.mx\/index.php\/wp-json\/wp\/v2\/comments?post=110313"}],"version-history":[{"count":1,"href":"https:\/\/nvnoticias.mx\/index.php\/wp-json\/wp\/v2\/posts\/110313\/revisions"}],"predecessor-version":[{"id":110315,"href":"https:\/\/nvnoticias.mx\/index.php\/wp-json\/wp\/v2\/posts\/110313\/revisions\/110315"}],"wp:featuredmedia":[{"embeddable":true,"href":"https:\/\/nvnoticias.mx\/index.php\/wp-json\/wp\/v2\/media\/110314"}],"wp:attachment":[{"href":"https:\/\/nvnoticias.mx\/index.php\/wp-json\/wp\/v2\/media?parent=110313"}],"wp:term":[{"taxonomy":"category","embeddable":true,"href":"https:\/\/nvnoticias.mx\/index.php\/wp-json\/wp\/v2\/categories?post=110313"},{"taxonomy":"post_tag","embeddable":true,"href":"https:\/\/nvnoticias.mx\/index.php\/wp-json\/wp\/v2\/tags?post=110313"}],"curies":[{"name":"wp","href":"https:\/\/api.w.org\/{rel}","templated":true}]}}