{"id":110301,"date":"2023-06-14T15:31:20","date_gmt":"2023-06-14T20:31:20","guid":{"rendered":"https:\/\/nvnoticias.mx\/?p=110301"},"modified":"2023-06-14T15:31:21","modified_gmt":"2023-06-14T20:31:21","slug":"el-23-de-junio-sera-la-coronacion-de-los-reyes-de-carnaval-de-la-comunidad-jarochos","status":"publish","type":"post","link":"https:\/\/nvnoticias.mx\/index.php\/2023\/06\/14\/el-23-de-junio-sera-la-coronacion-de-los-reyes-de-carnaval-de-la-comunidad-jarochos\/","title":{"rendered":"El 23 de junio ser\u00e1 la coronaci\u00f3n de los reyes de Carnaval de la Comunidad Jarochos"},"content":{"rendered":"\n<p><strong>Jes\u00fas Utrilla \/ NV Noticias <\/strong><\/p>\n\n\n\n<p>La coronaci\u00f3n de los reyes de Carnaval de la Comunidad Jarochos se llevar\u00e1 a cabo en el Teatro Clavijero el viernes 23 de junio, a partir de las 7:30 de la noche.<\/p>\n\n\n\n<p>Previamente se llevar\u00e1 a cabo el desfile por la avenida Independencia, partiendo del Tranv\u00eda del Recuerdo hasta llegar al Teatro Clavijero.Adem\u00e1s de la corte real participar\u00e1n invitados de otros municipios, entre asociaciones y grupos.<\/p>\n\n\n\n<blockquote class=\"wp-block-quote is-layout-flow wp-block-quote-is-layout-flow\"><p>\u201cHemos confirmado 20 municipios quienes adem\u00e1s van a participar en el carro aleg\u00f3rico. Ya tenemos el carro aleg\u00f3rico listo para participar en Carnaval\u201d.<\/p><\/blockquote>\n\n\n\n<p>a su parecer este a\u00f1o tuvieron que enfrentarse a mayores tr\u00e1mites burocr\u00e1ticos, pero al final lograron sacar adelante los tr\u00e1mites para participar en las fiestas.<\/p>\n\n\n\n<p>Por el carro aleg\u00f3rico pagaron 120 mil pesos, que significa m\u00e1s que el a\u00f1o pasado porque en 2022 pagaron 60 mil pesos, adem\u00e1s pagaron por la renta del Teatro Clavijero.<\/p>\n\n\n\n<p>El evento para quienes asistan ser\u00e1 gratuito ya que se busca fomentar la inclusi\u00f3n y que paren los cr\u00edmenes de odio. Incluso ser\u00e1 el mensaje del carro aleg\u00f3rico.  <\/p>\n\n\n\n<p>Cabe recordar que el Carnaval de Veracruz 2023 ser\u00e1 del 29 de junio al 5 de julio.<\/p>\n","protected":false},"excerpt":{"rendered":"<p>Jes\u00fas Utrilla \/ NV Noticias La coronaci\u00f3n de los reyes de Carnaval de la Comunidad Jarochos se llevar\u00e1 a cabo en el Teatro Clavijero el viernes 23 de junio, a partir de las 7:30 de la noche. Previamente se llevar\u00e1 a cabo el desfile por la avenida Independencia, partiendo del Tranv\u00eda del Recuerdo hasta llegar [&hellip;]<\/p>\n","protected":false},"author":8,"featured_media":110302,"comment_status":"open","ping_status":"open","sticky":false,"template":"","format":"standard","meta":{"_monsterinsights_skip_tracking":false,"_monsterinsights_sitenote_active":false,"_monsterinsights_sitenote_note":"","_monsterinsights_sitenote_category":0,"footnotes":""},"categories":[154],"tags":[25742,16535],"class_list":["post-110301","post","type-post","status-publish","format-standard","has-post-thumbnail","hentry","category-veracruz","tag-comunidad-jarochos","tag-coronacion","wp-image-borders"],"amp_enabled":true,"_links":{"self":[{"href":"https:\/\/nvnoticias.mx\/index.php\/wp-json\/wp\/v2\/posts\/110301","targetHints":{"allow":["GET"]}}],"collection":[{"href":"https:\/\/nvnoticias.mx\/index.php\/wp-json\/wp\/v2\/posts"}],"about":[{"href":"https:\/\/nvnoticias.mx\/index.php\/wp-json\/wp\/v2\/types\/post"}],"author":[{"embeddable":true,"href":"https:\/\/nvnoticias.mx\/index.php\/wp-json\/wp\/v2\/users\/8"}],"replies":[{"embeddable":true,"href":"https:\/\/nvnoticias.mx\/index.php\/wp-json\/wp\/v2\/comments?post=110301"}],"version-history":[{"count":1,"href":"https:\/\/nvnoticias.mx\/index.php\/wp-json\/wp\/v2\/posts\/110301\/revisions"}],"predecessor-version":[{"id":110303,"href":"https:\/\/nvnoticias.mx\/index.php\/wp-json\/wp\/v2\/posts\/110301\/revisions\/110303"}],"wp:featuredmedia":[{"embeddable":true,"href":"https:\/\/nvnoticias.mx\/index.php\/wp-json\/wp\/v2\/media\/110302"}],"wp:attachment":[{"href":"https:\/\/nvnoticias.mx\/index.php\/wp-json\/wp\/v2\/media?parent=110301"}],"wp:term":[{"taxonomy":"category","embeddable":true,"href":"https:\/\/nvnoticias.mx\/index.php\/wp-json\/wp\/v2\/categories?post=110301"},{"taxonomy":"post_tag","embeddable":true,"href":"https:\/\/nvnoticias.mx\/index.php\/wp-json\/wp\/v2\/tags?post=110301"}],"curies":[{"name":"wp","href":"https:\/\/api.w.org\/{rel}","templated":true}]}}