{"id":110299,"date":"2023-06-14T15:07:19","date_gmt":"2023-06-14T20:07:19","guid":{"rendered":"https:\/\/nvnoticias.mx\/?p=110299"},"modified":"2023-06-14T15:07:21","modified_gmt":"2023-06-14T20:07:21","slug":"expresa-camilo-su-gusto-por-la-musica-regional-mexicana","status":"publish","type":"post","link":"https:\/\/nvnoticias.mx\/index.php\/2023\/06\/14\/expresa-camilo-su-gusto-por-la-musica-regional-mexicana\/","title":{"rendered":"Expresa Camilo su gusto por la m\u00fasica regional mexicana"},"content":{"rendered":"\n<p>El cantautor colombiano Camilo\u00a0<strong>es un admirador de la m\u00fasica regional mexicana,<\/strong> que domina actualmente las listas de popularidad a nivel mundial, al considerarla alegre y un legado para toda Am\u00e9rica Latina.<\/p>\n\n\n\n<p><strong>&#8220;Hace como que mi coraz\u00f3n se levante para arriba en alegr\u00eda desde siempre&#8221;, manifest\u00f3 <\/strong>el artista en una entrevista con EFE.<\/p>\n\n\n\n<blockquote class=\"wp-block-quote is-layout-flow wp-block-quote-is-layout-flow\"><p>&#8220;<strong>Esta es una sensaci\u00f3n que comparte mucha gente y que para m\u00ed es una de las razones detr\u00e1s de este muy merecido \u00e9xito<\/strong>, adem\u00e1s del incre\u00edble talento de los artistas&#8221;, agreg\u00f3 Camilo, quien en los \u00faltimos a\u00f1os ha realizado varias colaboraciones con artistas del dicho g\u00e9nero.<\/p><\/blockquote>\n\n\n\n<p>Subray\u00f3 que se dio cuenta de este fen\u00f3meno desde que empez\u00f3 a compartir m\u00fasica con Christian Nodal y Los Dos Carnales.<\/p>\n\n\n\n<blockquote class=\"wp-block-quote is-layout-flow wp-block-quote-is-layout-flow\"><p>&#8220;Desde que empec\u00e9 a escribir con mi compadre Edgar Barrera, con Grupo Firme, ahora con Car\u00edn Le\u00f3n, han sido todas las canciones que como que levantan, levantan mi energ\u00eda&#8221;, subray\u00f3.<\/p><\/blockquote>\n\n\n\n<p><strong>Camilo ha incursionado en el g\u00e9nero con <em>Alaska<\/em>, una colaboraci\u00f3n con Grupo Firme <\/strong>que le gan\u00f3 una de las ocho nominaciones que tiene para los Premios Juventud, que se llevar\u00e1n a cabo el 20 de julio en Puerto Rico.<\/p>\n\n\n\n<p>Tambi\u00e9n con <strong><em>La mitad<\/em>, su colaboraci\u00f3n con Nodal, y <em>Tuyo y m\u00edo<\/em>, <em>Ni debes, ni te debo<\/em>, con Car\u00edn Le\u00f3n.<\/strong><\/p>\n\n\n\n<blockquote class=\"wp-block-quote is-layout-flow wp-block-quote-is-layout-flow\"><p>&#8220;Desde que tengo memoria he escuchado m\u00fasica mexicana y m\u00fasica popular colombiana, que es un g\u00e9nero hermano al regional. Todos los latinoamericanos crecimos con las canciones tradicionales mexicanas&#8221;, record\u00f3.<\/p><\/blockquote>\n\n\n\n<p><strong>Camilo no descarta que su pr\u00f3ximo disco, que prev\u00e9 escribir en los pr\u00f3ximos meses,<\/strong> siga la tradici\u00f3n de tener al menos una canci\u00f3n dentro de g\u00e9nero regional mexicano.<\/p>\n\n\n\n<p>El cantautor adem\u00e1s anunci\u00f3 que <strong>tendr\u00e1 dos presentaciones en ciudades sorpresa de Estados Unidos como parte de &#8220;Ritmo y color&#8221;<\/strong>, una iniciativa de la empresa de comida r\u00e1pida McDonald\u2019s para celebrar la cultura latina.<\/p>\n\n\n\n<p>Fuente: <a href=\"https:\/\/www.milenio.com\/espectaculos\/musica\/camilo-habla-de-su-gusto-por-la-musica-regional-mexicana\" data-type=\"URL\" data-id=\"https:\/\/www.milenio.com\/espectaculos\/musica\/camilo-habla-de-su-gusto-por-la-musica-regional-mexicana\">Milenio<\/a><\/p>\n","protected":false},"excerpt":{"rendered":"<p>El cantautor colombiano Camilo\u00a0es un admirador de la m\u00fasica regional mexicana, que domina actualmente las listas de popularidad a nivel mundial, al considerarla alegre y un legado para toda Am\u00e9rica Latina. &#8220;Hace como que mi coraz\u00f3n se levante para arriba en alegr\u00eda desde siempre&#8221;, manifest\u00f3 el artista en una entrevista con EFE. &#8220;Esta es una [&hellip;]<\/p>\n","protected":false},"author":35,"featured_media":57716,"comment_status":"open","ping_status":"open","sticky":false,"template":"","format":"standard","meta":{"_monsterinsights_skip_tracking":false,"_monsterinsights_sitenote_active":false,"_monsterinsights_sitenote_note":"","_monsterinsights_sitenote_category":0,"footnotes":""},"categories":[576],"tags":[5777,11919,4050,25741],"class_list":["post-110299","post","type-post","status-publish","format-standard","has-post-thumbnail","hentry","category-ocio","tag-camilo","tag-expresa","tag-musica","tag-regional-mexicana","wp-image-borders"],"amp_enabled":true,"_links":{"self":[{"href":"https:\/\/nvnoticias.mx\/index.php\/wp-json\/wp\/v2\/posts\/110299","targetHints":{"allow":["GET"]}}],"collection":[{"href":"https:\/\/nvnoticias.mx\/index.php\/wp-json\/wp\/v2\/posts"}],"about":[{"href":"https:\/\/nvnoticias.mx\/index.php\/wp-json\/wp\/v2\/types\/post"}],"author":[{"embeddable":true,"href":"https:\/\/nvnoticias.mx\/index.php\/wp-json\/wp\/v2\/users\/35"}],"replies":[{"embeddable":true,"href":"https:\/\/nvnoticias.mx\/index.php\/wp-json\/wp\/v2\/comments?post=110299"}],"version-history":[{"count":1,"href":"https:\/\/nvnoticias.mx\/index.php\/wp-json\/wp\/v2\/posts\/110299\/revisions"}],"predecessor-version":[{"id":110300,"href":"https:\/\/nvnoticias.mx\/index.php\/wp-json\/wp\/v2\/posts\/110299\/revisions\/110300"}],"wp:featuredmedia":[{"embeddable":true,"href":"https:\/\/nvnoticias.mx\/index.php\/wp-json\/wp\/v2\/media\/57716"}],"wp:attachment":[{"href":"https:\/\/nvnoticias.mx\/index.php\/wp-json\/wp\/v2\/media?parent=110299"}],"wp:term":[{"taxonomy":"category","embeddable":true,"href":"https:\/\/nvnoticias.mx\/index.php\/wp-json\/wp\/v2\/categories?post=110299"},{"taxonomy":"post_tag","embeddable":true,"href":"https:\/\/nvnoticias.mx\/index.php\/wp-json\/wp\/v2\/tags?post=110299"}],"curies":[{"name":"wp","href":"https:\/\/api.w.org\/{rel}","templated":true}]}}