{"id":110276,"date":"2023-06-14T13:30:04","date_gmt":"2023-06-14T18:30:04","guid":{"rendered":"https:\/\/nvnoticias.mx\/?p=110276"},"modified":"2023-06-14T13:30:04","modified_gmt":"2023-06-14T18:30:04","slug":"el-poder-de-la-clase-trabajadora","status":"publish","type":"post","link":"https:\/\/nvnoticias.mx\/index.php\/2023\/06\/14\/el-poder-de-la-clase-trabajadora\/","title":{"rendered":"El poder de la clase trabajadora"},"content":{"rendered":"\n<p>Por Mois\u00e9s Hern\u00e1ndez Yoldi<\/p>\n\n\n\n<p>En una sociedad fragmentada, conflictuada y dividida, hay sectores que cierran filas para hacer frente com\u00fan ante los grandes retos y desaf\u00edos de nuestros d\u00edas.<\/p>\n\n\n\n<p>El pasado 1 de mayo se conmemor\u00f3 el D\u00eda del Trabajo, esta fecha es un homenaje y un recuerdo que reivindica la lucha de los trabajadores por hacer valer sus derechos, exigir respeto y un trato digno.<\/p>\n\n\n\n<p>En Veracruz, el l\u00edder del sector obrero, Leonel P\u00e9rez Herrera, secretario general de la CTM Federaci\u00f3n Regional Veracruz y presidente del Congreso del Trabajo Del Estado de Veracruz, convoc\u00f3 a una concentraci\u00f3n masiva en la macro plaza del malec\u00f3n de Veracruz.<\/p>\n\n\n\n<p>Miles de trabajadores acudieron al llamado de su l\u00edder para mostrar la fuerza y el poder de movilizaci\u00f3n de la clase trabajadora.<\/p>\n\n\n\n<p>Estuvieron ah\u00ed presentes alrededor de 7 mil trabajadores para reinvindicar la lucha de los ca\u00eddos, para recordar a los m\u00e1rtires de Cananea y de R\u00edo Blanco, pero tambi\u00e9n para hacerse escuchar y dejar en claro que son ellos, en su unidad y solidaridad, los que mueven, sostienen e impulsan la econom\u00eda del pa\u00eds.<\/p>\n\n\n\n<p>El sindicalismo tiene sus propios retos, hay quienes anclados al pasado se resisten a evolucionar y a\u00f1oran las viejas formas, sin darse cuenta que esas formas \u2013aunque efectivas en el pasado\u2013 los condenar\u00eda a su extinci\u00f3n.<\/p>\n\n\n\n<p>Las instituciones perduran y trascienden siempre que sean \u00fatiles y evolucionen, ese es hoy, el gran reto del sindicalismo, mantenerse unido en su interior, para ser fuerte afuera.<\/p>\n\n\n\n<p>Ver al l\u00edder de los trabajadores, flanqueado y respaldado por otros l\u00edderes sindicales y con una plaza repleta de entusiastas y vigorosos trabajadores, es una imagen poderosa que env\u00eda un mensaje de fuerza y unidad.<\/p>\n\n\n\n<p>El desaf\u00edo de los trabajadores organizados es que esa fuerza sea \u00fatil para su sector, que sirva a su propia agenda e intereses y que no sea utilizada por otros; los trabajadores tienen la fuerza para conquistar y ganar sus espacios en la pol\u00edtica, ah\u00ed donde se incide y se decide.<\/p>\n\n\n\n<p>En ese contexto de unidad y fuerza, de evoluci\u00f3n y adaptaci\u00f3n, es de celebrar la apertura y pluralidad con la que hoy se conduce la central obrera (CTM) m\u00e1s poderosa del pa\u00eds. Muestra de ello, fue ver en el mismo escenario, sentados unos junto a otros, a l\u00edderes empresariales y l\u00edderes sindicales, as\u00ed como a actores pol\u00edticos de diversos partidos y corrientes.<\/p>\n\n\n\n<p>El di\u00e1logo, el respeto y la tolerancia, son valores fundamentales y pilares de la democracia. En medio de las diferencias, privilegiar el di\u00e1logo nos llevar\u00e1 a encontrar coincidencias incluso en la divergencia.<\/p>\n\n\n\n<p>La presencia de Juan Jos\u00e9 Sierra \u00c1lvarez, vicepresidente de Coparmex Nacional y de Manuel Lia\u00f1o Carrera, presidente de Coparmex Veracruz, son evidencia y testimonio de la apertura y la inclusi\u00f3n con que se conducen unos y otros.<\/p>\n\n\n\n<p>Sentada en primera fila, la diputada federal Rosa Mar\u00eda Hern\u00e1ndez Espejo, quien no perdi\u00f3 oportunidad para saludar a su amigo Candido Canseco, l\u00edder del sindicato de TAMSA.<\/p>\n\n\n\n<p>En otro punto del presidium destacaba la presencia de M\u00f3nica Robles Barajas, directora del peri\u00f3dico Imagen de Veracruz, quien estaba sentada al lado del presidente municipal de Boca del R\u00edo, Juan Manuel Unanue (PAN) y del regidor y empresario Daniel Mart\u00edn Lois (Morena).<\/p>\n\n\n\n<p>As\u00ed de plural e incluyente fue la convocatoria al evento conmemorativo del D\u00eda del Trabajo en Veracruz, una muestra del poder de los trabajadores y de la capacidad de movilizaci\u00f3n y convocatoria de su lider, Leonel P\u00e9rez Herrera.<\/p>\n\n\n\n<p>* Se estima que al evento acudieron m\u00e1s de siete mil trabajadores afiliados a diversos sindicatos de la central obrera CTM .<\/p>\n","protected":false},"excerpt":{"rendered":"<p>Por Mois\u00e9s Hern\u00e1ndez Yoldi En una sociedad fragmentada, conflictuada y dividida, hay sectores que cierran filas para hacer frente com\u00fan ante los grandes retos y desaf\u00edos de nuestros d\u00edas. El pasado 1 de mayo se conmemor\u00f3 el D\u00eda del Trabajo, esta fecha es un homenaje y un recuerdo que reivindica la lucha de los trabajadores [&hellip;]<\/p>\n","protected":false},"author":11,"featured_media":110277,"comment_status":"open","ping_status":"open","sticky":false,"template":"","format":"standard","meta":{"_monsterinsights_skip_tracking":false,"_monsterinsights_sitenote_active":false,"_monsterinsights_sitenote_note":"","_monsterinsights_sitenote_category":0,"footnotes":""},"categories":[429],"tags":[430],"class_list":["post-110276","post","type-post","status-publish","format-standard","has-post-thumbnail","hentry","category-artillero","tag-moises-hernandez-yoldi","wp-image-borders"],"amp_enabled":true,"_links":{"self":[{"href":"https:\/\/nvnoticias.mx\/index.php\/wp-json\/wp\/v2\/posts\/110276","targetHints":{"allow":["GET"]}}],"collection":[{"href":"https:\/\/nvnoticias.mx\/index.php\/wp-json\/wp\/v2\/posts"}],"about":[{"href":"https:\/\/nvnoticias.mx\/index.php\/wp-json\/wp\/v2\/types\/post"}],"author":[{"embeddable":true,"href":"https:\/\/nvnoticias.mx\/index.php\/wp-json\/wp\/v2\/users\/11"}],"replies":[{"embeddable":true,"href":"https:\/\/nvnoticias.mx\/index.php\/wp-json\/wp\/v2\/comments?post=110276"}],"version-history":[{"count":1,"href":"https:\/\/nvnoticias.mx\/index.php\/wp-json\/wp\/v2\/posts\/110276\/revisions"}],"predecessor-version":[{"id":110278,"href":"https:\/\/nvnoticias.mx\/index.php\/wp-json\/wp\/v2\/posts\/110276\/revisions\/110278"}],"wp:featuredmedia":[{"embeddable":true,"href":"https:\/\/nvnoticias.mx\/index.php\/wp-json\/wp\/v2\/media\/110277"}],"wp:attachment":[{"href":"https:\/\/nvnoticias.mx\/index.php\/wp-json\/wp\/v2\/media?parent=110276"}],"wp:term":[{"taxonomy":"category","embeddable":true,"href":"https:\/\/nvnoticias.mx\/index.php\/wp-json\/wp\/v2\/categories?post=110276"},{"taxonomy":"post_tag","embeddable":true,"href":"https:\/\/nvnoticias.mx\/index.php\/wp-json\/wp\/v2\/tags?post=110276"}],"curies":[{"name":"wp","href":"https:\/\/api.w.org\/{rel}","templated":true}]}}