{"id":110257,"date":"2023-06-14T10:29:32","date_gmt":"2023-06-14T15:29:32","guid":{"rendered":"https:\/\/nvnoticias.mx\/?p=110257"},"modified":"2023-06-14T10:29:33","modified_gmt":"2023-06-14T15:29:33","slug":"viajara-blinken-a-china-para-garantizar-comunicacion-abierta-y-responsable-con-eu","status":"publish","type":"post","link":"https:\/\/nvnoticias.mx\/index.php\/2023\/06\/14\/viajara-blinken-a-china-para-garantizar-comunicacion-abierta-y-responsable-con-eu\/","title":{"rendered":"Viajar\u00e1 Blinken a China para garantizar comunicaci\u00f3n &#8220;abierta&#8221; y &#8220;responsable&#8221; con EU"},"content":{"rendered":"\n<p>El secretario de Estado estadounidense, <strong>Antony Blinken<\/strong>, viajar\u00e1 esta semana a <strong>Beijing<\/strong>, donde se reunir\u00e1 con altos funcionarios del gobierno para hablar de la importancia de mantener abierta la comunicaci\u00f3n entre ambos pa\u00edses y gestionar su relaci\u00f3n bilateral &#8220;de forma responsable&#8221;.<\/p>\n\n\n\n<p>Blinken tambi\u00e9n ir\u00e1 al Reino Unido en este viaje que se producir\u00e1 del 16 al 21 de junio, confirm\u00f3 el mi\u00e9rcoles el <strong>Departamento de Estado<\/strong> a trav\u00e9s de un comunicado.<\/p>\n\n\n\n<p>Durante su estancia en Beijing, el m\u00e1ximo responsable de las relaciones exteriores de EU se reunir\u00e1 con altos funcionarios, con quienes tambi\u00e9n tratar\u00e1 &#8220;temas de inter\u00e9s bilateral, asuntos globales y regionales, y la cooperaci\u00f3n potencial en desaf\u00edos transnacionales compartidos&#8221;.<\/p>\n\n\n\n<p>En Londres, Blinken acudir\u00e1 a la Conferencia de Recuperaci\u00f3n de <strong>Ucrania <\/strong>para ayudar a movilizar el apoyo internacional del sector p\u00fablico y privado para asistir a ese pa\u00eds en su recuperaci\u00f3n.<\/p>\n\n\n\n<p>La confirmaci\u00f3n del viaje a China se produce despu\u00e9s de que Blinken mantuviera anoche una conversaci\u00f3n telef\u00f3nica con su hom\u00f3logo del pa\u00eds asi\u00e1tico, <strong>Qin Gang<\/strong>, en la que le pidi\u00f3 &#8220;mantener abiertas las l\u00edneas de comunicaci\u00f3n&#8221; para evitar un conflicto, precis\u00f3 su oficina en un comunicado.<\/p>\n\n\n\n<p>Adem\u00e1s, el estadounidense asegur\u00f3 que su pa\u00eds continuar\u00e1 utilizando v\u00edas diplom\u00e1ticas para tratar asuntos que le preocupen, as\u00ed como para ahondar en posibles \u00e1reas de cooperaci\u00f3n con el <strong>gigante asi\u00e1tico<\/strong>.<\/p>\n\n\n\n<p>Fuente<a href=\"https:\/\/www.eluniversal.com.mx\/mundo\/blinken-viajara-a-china-para-garantizar-comunicacion-abierta-y-responsable-con-eu\/\" data-type=\"URL\" data-id=\"https:\/\/www.eluniversal.com.mx\/mundo\/blinken-viajara-a-china-para-garantizar-comunicacion-abierta-y-responsable-con-eu\/\">: El Universal<\/a><\/p>\n","protected":false},"excerpt":{"rendered":"<p>El secretario de Estado estadounidense, Antony Blinken, viajar\u00e1 esta semana a Beijing, donde se reunir\u00e1 con altos funcionarios del gobierno para hablar de la importancia de mantener abierta la comunicaci\u00f3n entre ambos pa\u00edses y gestionar su relaci\u00f3n bilateral &#8220;de forma responsable&#8221;. Blinken tambi\u00e9n ir\u00e1 al Reino Unido en este viaje que se producir\u00e1 del 16 [&hellip;]<\/p>\n","protected":false},"author":35,"featured_media":90682,"comment_status":"open","ping_status":"open","sticky":false,"template":"","format":"standard","meta":{"_monsterinsights_skip_tracking":false,"_monsterinsights_sitenote_active":false,"_monsterinsights_sitenote_note":"","_monsterinsights_sitenote_category":0,"footnotes":""},"categories":[181],"tags":[18622,185,10633,183,9095,14587],"class_list":["post-110257","post","type-post","status-publish","format-standard","has-post-thumbnail","hentry","category-internacional","tag-antony-blinken","tag-china","tag-comunicacion","tag-estados-unidos","tag-garantizar","tag-viajara","wp-image-borders"],"amp_enabled":true,"_links":{"self":[{"href":"https:\/\/nvnoticias.mx\/index.php\/wp-json\/wp\/v2\/posts\/110257","targetHints":{"allow":["GET"]}}],"collection":[{"href":"https:\/\/nvnoticias.mx\/index.php\/wp-json\/wp\/v2\/posts"}],"about":[{"href":"https:\/\/nvnoticias.mx\/index.php\/wp-json\/wp\/v2\/types\/post"}],"author":[{"embeddable":true,"href":"https:\/\/nvnoticias.mx\/index.php\/wp-json\/wp\/v2\/users\/35"}],"replies":[{"embeddable":true,"href":"https:\/\/nvnoticias.mx\/index.php\/wp-json\/wp\/v2\/comments?post=110257"}],"version-history":[{"count":1,"href":"https:\/\/nvnoticias.mx\/index.php\/wp-json\/wp\/v2\/posts\/110257\/revisions"}],"predecessor-version":[{"id":110258,"href":"https:\/\/nvnoticias.mx\/index.php\/wp-json\/wp\/v2\/posts\/110257\/revisions\/110258"}],"wp:featuredmedia":[{"embeddable":true,"href":"https:\/\/nvnoticias.mx\/index.php\/wp-json\/wp\/v2\/media\/90682"}],"wp:attachment":[{"href":"https:\/\/nvnoticias.mx\/index.php\/wp-json\/wp\/v2\/media?parent=110257"}],"wp:term":[{"taxonomy":"category","embeddable":true,"href":"https:\/\/nvnoticias.mx\/index.php\/wp-json\/wp\/v2\/categories?post=110257"},{"taxonomy":"post_tag","embeddable":true,"href":"https:\/\/nvnoticias.mx\/index.php\/wp-json\/wp\/v2\/tags?post=110257"}],"curies":[{"name":"wp","href":"https:\/\/api.w.org\/{rel}","templated":true}]}}