{"id":110254,"date":"2023-06-14T10:25:14","date_gmt":"2023-06-14T15:25:14","guid":{"rendered":"https:\/\/nvnoticias.mx\/?p=110254"},"modified":"2023-06-14T10:25:15","modified_gmt":"2023-06-14T15:25:15","slug":"se-deslinda-pan-de-la-regidora-denisse-ahumada-tras-ser-detenida-en-texas-con-un-cargamento-de-cocaina","status":"publish","type":"post","link":"https:\/\/nvnoticias.mx\/index.php\/2023\/06\/14\/se-deslinda-pan-de-la-regidora-denisse-ahumada-tras-ser-detenida-en-texas-con-un-cargamento-de-cocaina\/","title":{"rendered":"Se deslinda PAN de la regidora Denisse Ahumada tras ser detenida en Texas con un cargamento de coca\u00edna"},"content":{"rendered":"\n<p>Despu\u00e9s de que se diera a conocer la detenci\u00f3n de<strong> Denisse Ahumada Mart\u00ednez<\/strong> por intentar transportar casi<strong> 42 kilos de coca\u00edna<\/strong> en su veh\u00edculo hacia Estados Unidos, el Partido Acci\u00f3n Nacional (<strong>PAN<\/strong>) rechaz\u00f3 que la funcionaria fuera parte de la organizaci\u00f3n.<\/p>\n\n\n\n<blockquote class=\"wp-block-quote is-layout-flow wp-block-quote-is-layout-flow\"><p>\u201cAcci\u00f3n Nacional informa que la regidora por Reynosa, Denisse Ahumada Mart\u00ednez, <strong>no es miembro ni militante<\/strong> de Acci\u00f3n Nacional\u201d, comunic\u00f3 el partido en su sede de Tamaulipas por medio de un pronunciamiento oficial.<\/p><\/blockquote>\n\n\n\n<p>Sumado a ello, el organismo reprob\u00f3 los hechos delictivos por los cuales ha sido se\u00f1alada la funcionaria. \u201cEsperamos que la ley determine esta situaci\u00f3n\u201d, agregaron en la tarjeta informativa.<\/p>\n\n\n\n<p>Cabe se\u00f1alar que Denisse Ahumada hab\u00eda llegado al Ayuntamiento de Reynosa como regidora plurinominal por parte del Partido Verde Ecologista de M\u00e9xico (PVEM). Sin embargo, en diciembre de 2021 denunci\u00f3 haber sido v\u00edctima de violencia pol\u00edtica dentro del instituto y present\u00f3 su renuncia. <strong>Ese mismo mes se integr\u00f3 al PAN<\/strong>.<\/p>\n\n\n\n<blockquote class=\"wp-block-quote is-layout-flow wp-block-quote-is-layout-flow\"><p>\u201cEs una gran noticia para el PAN aqu\u00ed en Reynosa [&#8230;] Contamos aqu\u00ed con la regidora Denisse a la cual le agradezco mucho el haber tomado esta valiosa decisi\u00f3n, pero sobre todo tan acertada<strong> decisi\u00f3n de incorporarse a Acci\u00f3n Nacional<\/strong>\u201d, declar\u00f3 en aquel entonces <strong>Luis Ren\u00e9 Cant\u00fa Galv\u00e1n<\/strong>, presidente estatal del PAN en Tamaulipas.<\/p><\/blockquote>\n\n\n\n<p>Al ser cuestionado sobre la reciente detenci\u00f3n de la regidora, Cant\u00fa Galv\u00e1n dijo a la prensa que Ahumada en realidad nunca hab\u00eda sido inscrita formalmente al partido blanquiazul, sino que todo fue mediante \u201c<strong>acuerdo pol\u00edticos<\/strong>\u201d.<\/p>\n\n\n\n<blockquote class=\"wp-block-quote is-layout-flow wp-block-quote-is-layout-flow\"><p>\u201cSiempre hemos sido un partido de puertas abiertas &#8230; Reprobamos las conductas como esa y pues al final de cuentas no queda m\u00e1s que esperar que las autoridades hagan lo competente&#8230; Nunca fue adherida a Acci\u00f3n Nacional, <strong>fue un acuerdo pol\u00edtico en el que ella se sal\u00eda del Verde<\/strong> y ve\u00eda en las siglas de Acci\u00f3n Nacional la oportunidad de estar ah\u00ed representando en el Cabildo\u201d, dijo el dirigente estatal del PAN la ma\u00f1ana del 13 de junio.<\/p><\/blockquote>\n\n\n\n<p>Fuente: <a href=\"https:\/\/www.infobae.com\/mexico\/2023\/06\/14\/pan-se-deslindo-de-la-regidora-denisse-ahumada-detenida-en-texas-con-un-cargamento-de-cocaina\/\" data-type=\"URL\" data-id=\"https:\/\/www.infobae.com\/mexico\/2023\/06\/14\/pan-se-deslindo-de-la-regidora-denisse-ahumada-detenida-en-texas-con-un-cargamento-de-cocaina\/\">Infobae<\/a><\/p>\n","protected":false},"excerpt":{"rendered":"<p>Despu\u00e9s de que se diera a conocer la detenci\u00f3n de Denisse Ahumada Mart\u00ednez por intentar transportar casi 42 kilos de coca\u00edna en su veh\u00edculo hacia Estados Unidos, el Partido Acci\u00f3n Nacional (PAN) rechaz\u00f3 que la funcionaria fuera parte de la organizaci\u00f3n. \u201cAcci\u00f3n Nacional informa que la regidora por Reynosa, Denisse Ahumada Mart\u00ednez, no es miembro [&hellip;]<\/p>\n","protected":false},"author":35,"featured_media":110255,"comment_status":"open","ping_status":"open","sticky":false,"template":"","format":"standard","meta":{"_monsterinsights_skip_tracking":false,"_monsterinsights_sitenote_active":false,"_monsterinsights_sitenote_note":"","_monsterinsights_sitenote_category":0,"footnotes":""},"categories":[158],"tags":[8436,1202,25736,3531,284,1090,18137,918],"class_list":["post-110254","post","type-post","status-publish","format-standard","has-post-thumbnail","hentry","category-politica","tag-cargamento","tag-cocaina","tag-denise-ahumada","tag-detenida","tag-pan","tag-regidora","tag-se-deslinda","tag-texas","wp-image-borders"],"amp_enabled":true,"_links":{"self":[{"href":"https:\/\/nvnoticias.mx\/index.php\/wp-json\/wp\/v2\/posts\/110254","targetHints":{"allow":["GET"]}}],"collection":[{"href":"https:\/\/nvnoticias.mx\/index.php\/wp-json\/wp\/v2\/posts"}],"about":[{"href":"https:\/\/nvnoticias.mx\/index.php\/wp-json\/wp\/v2\/types\/post"}],"author":[{"embeddable":true,"href":"https:\/\/nvnoticias.mx\/index.php\/wp-json\/wp\/v2\/users\/35"}],"replies":[{"embeddable":true,"href":"https:\/\/nvnoticias.mx\/index.php\/wp-json\/wp\/v2\/comments?post=110254"}],"version-history":[{"count":1,"href":"https:\/\/nvnoticias.mx\/index.php\/wp-json\/wp\/v2\/posts\/110254\/revisions"}],"predecessor-version":[{"id":110256,"href":"https:\/\/nvnoticias.mx\/index.php\/wp-json\/wp\/v2\/posts\/110254\/revisions\/110256"}],"wp:featuredmedia":[{"embeddable":true,"href":"https:\/\/nvnoticias.mx\/index.php\/wp-json\/wp\/v2\/media\/110255"}],"wp:attachment":[{"href":"https:\/\/nvnoticias.mx\/index.php\/wp-json\/wp\/v2\/media?parent=110254"}],"wp:term":[{"taxonomy":"category","embeddable":true,"href":"https:\/\/nvnoticias.mx\/index.php\/wp-json\/wp\/v2\/categories?post=110254"},{"taxonomy":"post_tag","embeddable":true,"href":"https:\/\/nvnoticias.mx\/index.php\/wp-json\/wp\/v2\/tags?post=110254"}],"curies":[{"name":"wp","href":"https:\/\/api.w.org\/{rel}","templated":true}]}}