{"id":110187,"date":"2023-06-13T15:24:14","date_gmt":"2023-06-13T20:24:14","guid":{"rendered":"https:\/\/nvnoticias.mx\/?p=110187"},"modified":"2023-06-13T15:24:15","modified_gmt":"2023-06-13T20:24:15","slug":"el-proximo-ano-esta-previsto-que-comience-la-construccion-del-nuevo-hospital-del-imss-en-veracruz","status":"publish","type":"post","link":"https:\/\/nvnoticias.mx\/index.php\/2023\/06\/13\/el-proximo-ano-esta-previsto-que-comience-la-construccion-del-nuevo-hospital-del-imss-en-veracruz\/","title":{"rendered":"El pr\u00f3ximo a\u00f1o est\u00e1 previsto que comience la construcci\u00f3n del nuevo hospital del IMSS en Veracruz"},"content":{"rendered":"\n<p><strong>Jes\u00fas Utrilla \/ NV Noticias <\/strong><\/p>\n\n\n\n<p>El pr\u00f3ximo a\u00f1o est\u00e1 previsto que comience la construcci\u00f3n del nuevo hospital del IMSS en la ciudad de Veracruz, seg\u00fan anunci\u00f3 Jorge Mart\u00ednez Torres, quien ocupa el cargo de titular del \u00d3rgano de Operaci\u00f3n Administrativa Desconcentrada Regional IMSS Veracruz Norte.<\/p>\n\n\n\n<p>El terreno de 11 hect\u00e1reas en Las Bajadas ya ha sido donado y se espera una inversi\u00f3n de 3 mil 500 millones de pesos. <\/p>\n\n\n\n<p>En 2024 se completar\u00e1 el proyecto ejecutivo, el cual incluir\u00e1 un hospital, un almac\u00e9n y una unidad de medicina familiar.<\/p>\n\n\n\n<p>Mart\u00ednez Torres enfatiz\u00f3 que el proyecto no est\u00e1 retrasado, aunque el proceso de donaci\u00f3n implica cumplir con una serie de tr\u00e1mites. <\/p>\n\n\n\n<p>Se espera que el Consejo T\u00e9cnico apruebe la donaci\u00f3n en breve para poder comenzar con el proyecto ejecutivo.<\/p>\n\n\n\n<p>El plan original contempla un hospital regional con 260 camas, as\u00ed como un nuevo almac\u00e9n que reemplazar\u00e1 al de D\u00edaz Mir\u00f3n. <\/p>\n\n\n\n<p>Adem\u00e1s, se construir\u00e1 una unidad de medicina familiar y una subdelegaci\u00f3n. Con la apertura del nuevo hospital, se espera aliviar la carga de atenci\u00f3n en el hospital de zona n\u00famero 71, ya que se dispondr\u00e1 de 500 camas para la Zona conurbada Veracruz-Boca del R\u00edo.<\/p>\n\n\n\n<p>La construcci\u00f3n de un hospital suele llevar alrededor de tres a\u00f1os.<\/p>\n","protected":false},"excerpt":{"rendered":"<p>Jes\u00fas Utrilla \/ NV Noticias El pr\u00f3ximo a\u00f1o est\u00e1 previsto que comience la construcci\u00f3n del nuevo hospital del IMSS en la ciudad de Veracruz, seg\u00fan anunci\u00f3 Jorge Mart\u00ednez Torres, quien ocupa el cargo de titular del \u00d3rgano de Operaci\u00f3n Administrativa Desconcentrada Regional IMSS Veracruz Norte. El terreno de 11 hect\u00e1reas en Las Bajadas ya ha [&hellip;]<\/p>\n","protected":false},"author":8,"featured_media":110188,"comment_status":"open","ping_status":"open","sticky":false,"template":"","format":"standard","meta":{"_monsterinsights_skip_tracking":false,"_monsterinsights_sitenote_active":false,"_monsterinsights_sitenote_note":"","_monsterinsights_sitenote_category":0,"footnotes":""},"categories":[154],"tags":[365,25730,180],"class_list":["post-110187","post","type-post","status-publish","format-standard","has-post-thumbnail","hentry","category-veracruz","tag-imss","tag-nuevo-hospital","tag-veracruz","wp-image-borders"],"amp_enabled":true,"_links":{"self":[{"href":"https:\/\/nvnoticias.mx\/index.php\/wp-json\/wp\/v2\/posts\/110187","targetHints":{"allow":["GET"]}}],"collection":[{"href":"https:\/\/nvnoticias.mx\/index.php\/wp-json\/wp\/v2\/posts"}],"about":[{"href":"https:\/\/nvnoticias.mx\/index.php\/wp-json\/wp\/v2\/types\/post"}],"author":[{"embeddable":true,"href":"https:\/\/nvnoticias.mx\/index.php\/wp-json\/wp\/v2\/users\/8"}],"replies":[{"embeddable":true,"href":"https:\/\/nvnoticias.mx\/index.php\/wp-json\/wp\/v2\/comments?post=110187"}],"version-history":[{"count":1,"href":"https:\/\/nvnoticias.mx\/index.php\/wp-json\/wp\/v2\/posts\/110187\/revisions"}],"predecessor-version":[{"id":110189,"href":"https:\/\/nvnoticias.mx\/index.php\/wp-json\/wp\/v2\/posts\/110187\/revisions\/110189"}],"wp:featuredmedia":[{"embeddable":true,"href":"https:\/\/nvnoticias.mx\/index.php\/wp-json\/wp\/v2\/media\/110188"}],"wp:attachment":[{"href":"https:\/\/nvnoticias.mx\/index.php\/wp-json\/wp\/v2\/media?parent=110187"}],"wp:term":[{"taxonomy":"category","embeddable":true,"href":"https:\/\/nvnoticias.mx\/index.php\/wp-json\/wp\/v2\/categories?post=110187"},{"taxonomy":"post_tag","embeddable":true,"href":"https:\/\/nvnoticias.mx\/index.php\/wp-json\/wp\/v2\/tags?post=110187"}],"curies":[{"name":"wp","href":"https:\/\/api.w.org\/{rel}","templated":true}]}}