{"id":110177,"date":"2023-06-13T12:40:42","date_gmt":"2023-06-13T17:40:42","guid":{"rendered":"https:\/\/nvnoticias.mx\/?p=110177"},"modified":"2023-06-13T12:40:43","modified_gmt":"2023-06-13T17:40:43","slug":"comparece-trump-ante-la-justicia","status":"publish","type":"post","link":"https:\/\/nvnoticias.mx\/index.php\/2023\/06\/13\/comparece-trump-ante-la-justicia\/","title":{"rendered":"Comparece Trump ante la justicia"},"content":{"rendered":"\n<p><strong>Donald Trump<\/strong> <strong>comparece <\/strong>este martes ante un tribunal federal en <strong>Miami<\/strong> por el caso m\u00e1s comprometedor abierto contra \u00e9l hasta el momento. El expresidente de <strong>Estados Unidos <\/strong>est\u00e1 imputado por gestionar de manera negligente <strong>secretos de Estado<\/strong>, poniendo en peligro la <strong>seguridad nacional<\/strong>.<\/p>\n\n\n\n<p>Trump de 76 a\u00f1os y aspirante republicano para regresar a la Presidencia estadounidense, est\u00e1 convocado a las 15H00 (19H00 GMT) para la lectura de los cargos en su contra.<\/p>\n\n\n\n<p>La Fiscal\u00eda lo acusa de haber conservado documentos confidenciales (clasificados) tras abandonar la Casa Blanca, en los que figuraba informaci\u00f3n secreta sobre <strong>armas nucleares<\/strong>.<\/p>\n\n\n\n<p>Trump se enfrenta a 37 cargos, entre ellos los de &#8220;retenci\u00f3n ilegal de informaci\u00f3n relacionada con la seguridad nacional&#8221;, &#8220;<strong>obstrucci\u00f3n a la justicia<\/strong>&#8221; y &#8220;falso testimonio&#8221;.<\/p>\n\n\n\n<h2 class=\"wp-block-heading\">Trump se declarar\u00e1 no culpable<\/h2>\n\n\n\n<p>Seg\u00fan el acta de acusaci\u00f3n, esas cajas quedaron apiladas en el escenario de una sala de baile del complejo hotelero antes de ser transportadas hasta un trastero cerca de una piscina. Algunas llevaban la menci\u00f3n &#8220;secreto defensa&#8221;.<\/p>\n\n\n\n<p>En enero de 2022, tras recibir varias solicitudes de las autoridades, Trump decidi\u00f3 devolver cajas con unos 200 documentos clasificados.<\/p>\n\n\n\n<p>Convencidos de que no hab\u00eda entregado todos los documentos en su poder, varios agentes del <strong>FBI <\/strong>registraron Mar-a-Lago el 8 de agosto y se llevaron otra treintena de cajas con 11 mil documentos en su interior.<\/p>\n\n\n\n<p>Trump siempre ha calificado este caso de &#8220;<strong>caza de brujas<\/strong>&#8221; para obstaculizar su candidatura a la presidencia. El republicano acus\u00f3 de injerencia al presidente dem\u00f3crata, <strong>Joe Biden<\/strong> quien podr\u00eda ser nuevamente su rival en los comicios del a\u00f1o que viene.<\/p>\n\n\n\n<p>Seg\u00fan una de sus abogadas, Trump se declarar\u00e1 no culpable.<\/p>\n\n\n\n<p>Fuente: <a href=\"https:\/\/www.eluniversal.com.mx\/mundo\/trump-comparece-ante-la-justicia-es-acusado-de-poner-en-peligro-la-seguridad-de-eu\/\" data-type=\"URL\" data-id=\"https:\/\/www.eluniversal.com.mx\/mundo\/trump-comparece-ante-la-justicia-es-acusado-de-poner-en-peligro-la-seguridad-de-eu\/\">El Universal<\/a><\/p>\n","protected":false},"excerpt":{"rendered":"<p>Donald Trump comparece este martes ante un tribunal federal en Miami por el caso m\u00e1s comprometedor abierto contra \u00e9l hasta el momento. El expresidente de Estados Unidos est\u00e1 imputado por gestionar de manera negligente secretos de Estado, poniendo en peligro la seguridad nacional. Trump de 76 a\u00f1os y aspirante republicano para regresar a la Presidencia [&hellip;]<\/p>\n","protected":false},"author":35,"featured_media":102190,"comment_status":"open","ping_status":"open","sticky":false,"template":"","format":"standard","meta":{"_monsterinsights_skip_tracking":false,"_monsterinsights_sitenote_active":false,"_monsterinsights_sitenote_note":"","_monsterinsights_sitenote_category":0,"footnotes":""},"categories":[181],"tags":[5825,230,183,806],"class_list":["post-110177","post","type-post","status-publish","format-standard","has-post-thumbnail","hentry","category-internacional","tag-comparece","tag-donald-trump","tag-estados-unidos","tag-justicia","wp-image-borders"],"amp_enabled":true,"_links":{"self":[{"href":"https:\/\/nvnoticias.mx\/index.php\/wp-json\/wp\/v2\/posts\/110177","targetHints":{"allow":["GET"]}}],"collection":[{"href":"https:\/\/nvnoticias.mx\/index.php\/wp-json\/wp\/v2\/posts"}],"about":[{"href":"https:\/\/nvnoticias.mx\/index.php\/wp-json\/wp\/v2\/types\/post"}],"author":[{"embeddable":true,"href":"https:\/\/nvnoticias.mx\/index.php\/wp-json\/wp\/v2\/users\/35"}],"replies":[{"embeddable":true,"href":"https:\/\/nvnoticias.mx\/index.php\/wp-json\/wp\/v2\/comments?post=110177"}],"version-history":[{"count":1,"href":"https:\/\/nvnoticias.mx\/index.php\/wp-json\/wp\/v2\/posts\/110177\/revisions"}],"predecessor-version":[{"id":110178,"href":"https:\/\/nvnoticias.mx\/index.php\/wp-json\/wp\/v2\/posts\/110177\/revisions\/110178"}],"wp:featuredmedia":[{"embeddable":true,"href":"https:\/\/nvnoticias.mx\/index.php\/wp-json\/wp\/v2\/media\/102190"}],"wp:attachment":[{"href":"https:\/\/nvnoticias.mx\/index.php\/wp-json\/wp\/v2\/media?parent=110177"}],"wp:term":[{"taxonomy":"category","embeddable":true,"href":"https:\/\/nvnoticias.mx\/index.php\/wp-json\/wp\/v2\/categories?post=110177"},{"taxonomy":"post_tag","embeddable":true,"href":"https:\/\/nvnoticias.mx\/index.php\/wp-json\/wp\/v2\/tags?post=110177"}],"curies":[{"name":"wp","href":"https:\/\/api.w.org\/{rel}","templated":true}]}}