{"id":110144,"date":"2023-06-13T10:35:44","date_gmt":"2023-06-13T15:35:44","guid":{"rendered":"https:\/\/nvnoticias.mx\/?p=110144"},"modified":"2023-06-13T10:35:44","modified_gmt":"2023-06-13T15:35:44","slug":"releva-alicia-barcena-a-ebrard-en-la-secretaria-de-relaciones-exteriores","status":"publish","type":"post","link":"https:\/\/nvnoticias.mx\/index.php\/2023\/06\/13\/releva-alicia-barcena-a-ebrard-en-la-secretaria-de-relaciones-exteriores\/","title":{"rendered":"Releva Alicia B\u00e1rcena a Ebrard en la Secretaria de Relaciones Exteriores"},"content":{"rendered":"\n<p>L\u00f3pez Obrador design\u00f3 a\u00a0<strong>Alicia B\u00e1rcena<\/strong>\u00a0como la\u00a0<strong>nueva secretaria de Relaciones Exteriores<\/strong>\u00a0tras la salida de\u00a0Marcelo Ebrard, quien participar\u00e1 en el proceso de elecci\u00f3n de candidato presidencial de Morena.<\/p>\n\n\n\n<p>B\u00e1rcena actualmente funge como\u00a0<strong>embajadora de M\u00e9xico en Chile\u00a0<\/strong>por lo que tardar\u00e1 aproximadamente 10 d\u00edas en tomar el nuevo cargo, detall\u00f3 el presidente. Mientras tanto, la subsecretaria\u00a0Carmen Moreno Toscano, quedar\u00e1 al frente de la dependencia.<\/p>\n\n\n\n<p>La funcionaria cuenta con una amplia trayectoria en el campo de la diplomacia. Es bi\u00f3loga egresada de la Facultad de Ciencias de la UNAM y cuenta con estudios en Harvard. Ha sido secretaria Ejecutiva de la Comisi\u00f3n Econ\u00f3mica para Am\u00e9rica Latina y el Caribe (Cepal) y ha tenido m\u00faltiples puestos dentro de Naciones Unidas. El 30 de diciembre del 2022 inici\u00f3 funciones como embajadora de M\u00e9xico en Chile.<\/p>\n\n\n\n<p>Fuente: El Financiero <\/p>\n","protected":false},"excerpt":{"rendered":"<p>L\u00f3pez Obrador design\u00f3 a\u00a0Alicia B\u00e1rcena\u00a0como la\u00a0nueva secretaria de Relaciones Exteriores\u00a0tras la salida de\u00a0Marcelo Ebrard, quien participar\u00e1 en el proceso de elecci\u00f3n de candidato presidencial de Morena. B\u00e1rcena actualmente funge como\u00a0embajadora de M\u00e9xico en Chile\u00a0por lo que tardar\u00e1 aproximadamente 10 d\u00edas en tomar el nuevo cargo, detall\u00f3 el presidente. Mientras tanto, la subsecretaria\u00a0Carmen Moreno Toscano, quedar\u00e1 [&hellip;]<\/p>\n","protected":false},"author":35,"featured_media":47811,"comment_status":"open","ping_status":"open","sticky":false,"template":"","format":"standard","meta":{"_monsterinsights_skip_tracking":false,"_monsterinsights_sitenote_active":false,"_monsterinsights_sitenote_note":"","_monsterinsights_sitenote_category":0,"footnotes":""},"categories":[158],"tags":[12723,188,391,162,2948,25725],"class_list":["post-110144","post","type-post","status-publish","format-standard","has-post-thumbnail","hentry","category-politica","tag-alicia-barcena","tag-amlo","tag-marcelo-ebrard","tag-portada","tag-relaciones-exteriores","tag-releva","wp-image-borders"],"amp_enabled":true,"_links":{"self":[{"href":"https:\/\/nvnoticias.mx\/index.php\/wp-json\/wp\/v2\/posts\/110144","targetHints":{"allow":["GET"]}}],"collection":[{"href":"https:\/\/nvnoticias.mx\/index.php\/wp-json\/wp\/v2\/posts"}],"about":[{"href":"https:\/\/nvnoticias.mx\/index.php\/wp-json\/wp\/v2\/types\/post"}],"author":[{"embeddable":true,"href":"https:\/\/nvnoticias.mx\/index.php\/wp-json\/wp\/v2\/users\/35"}],"replies":[{"embeddable":true,"href":"https:\/\/nvnoticias.mx\/index.php\/wp-json\/wp\/v2\/comments?post=110144"}],"version-history":[{"count":1,"href":"https:\/\/nvnoticias.mx\/index.php\/wp-json\/wp\/v2\/posts\/110144\/revisions"}],"predecessor-version":[{"id":110145,"href":"https:\/\/nvnoticias.mx\/index.php\/wp-json\/wp\/v2\/posts\/110144\/revisions\/110145"}],"wp:featuredmedia":[{"embeddable":true,"href":"https:\/\/nvnoticias.mx\/index.php\/wp-json\/wp\/v2\/media\/47811"}],"wp:attachment":[{"href":"https:\/\/nvnoticias.mx\/index.php\/wp-json\/wp\/v2\/media?parent=110144"}],"wp:term":[{"taxonomy":"category","embeddable":true,"href":"https:\/\/nvnoticias.mx\/index.php\/wp-json\/wp\/v2\/categories?post=110144"},{"taxonomy":"post_tag","embeddable":true,"href":"https:\/\/nvnoticias.mx\/index.php\/wp-json\/wp\/v2\/tags?post=110144"}],"curies":[{"name":"wp","href":"https:\/\/api.w.org\/{rel}","templated":true}]}}