{"id":110134,"date":"2023-06-12T15:43:17","date_gmt":"2023-06-12T20:43:17","guid":{"rendered":"https:\/\/nvnoticias.mx\/?p=110134"},"modified":"2023-06-12T15:43:19","modified_gmt":"2023-06-12T20:43:19","slug":"presenta-pan-ante-la-corte-amicus-curiae-en-respaldo-al-inai","status":"publish","type":"post","link":"https:\/\/nvnoticias.mx\/index.php\/2023\/06\/12\/presenta-pan-ante-la-corte-amicus-curiae-en-respaldo-al-inai\/","title":{"rendered":"Presenta PAN ante la Corte \u201camicus curiae\u201d en respaldo al INAI"},"content":{"rendered":"\n<p>La fracci\u00f3n del PAN en la C\u00e1mara de Diputados\u00a0present\u00f3 ante la Suprema Corte de Justicia un<strong> recurso \u201camicus curiae\u201d <\/strong>en respaldo a la controversia constitucional interpuesta por el INAI para sesionar con solo cuatro comisionados,<strong> tras el incumplimiento del Senado para designar a los tres faltantes.<\/strong><\/p>\n\n\n\n<p>Encabezados por H\u00e9ctor Sa\u00fal T\u00e9llez, los legisladores panistas acusaron a los senadores de la mayor\u00eda parlamentaria de Morena de vulnerar con su omisi\u00f3n la autonom\u00eda del INAI y<strong> sostuvieron que el Ejecutivo evidenci\u00f3 una estrategia \u201cpremeditada y alevosa\u201d <\/strong>para impedir la operaci\u00f3n del organismo garante de la transparencia.<\/p>\n\n\n\n<blockquote class=\"wp-block-quote is-layout-flow wp-block-quote-is-layout-flow\"><p>\u201cNo podemos permitir que la voluntad de un solo hombre, que es el Presidente de la Rep\u00fablica, tenga paralizado y tenga secuestrado al Instituto Nacional de Acceso a la Informaci\u00f3n y con esto se est\u00e9 materializando la frase c\u00e9lebre que un d\u00eda dijeran el Presidente y el secretario de Gobernaci\u00f3n de vivir en un mundo ideal de opacidad y de falta de transparencia\u201d, puntualiz\u00f3 T\u00e9llez.<\/p><\/blockquote>\n\n\n\n<p>En conferencia de prensa, la tambi\u00e9n diputada panista Mar\u00eda Elena P\u00e9rez Ja\u00e9n confi\u00f3 en que la Suprema Corte de Justicia resuelva de manera expedita y <strong>evite que se siga conculcando el derecho de acceso a la informaci\u00f3n.<\/strong><\/p>\n\n\n\n<blockquote class=\"wp-block-quote is-layout-flow wp-block-quote-is-layout-flow\"><p>\u201cEs preocupante lo que est\u00e1 ocurriendo en el INAI, tienen ya m\u00e1s de 5 mil recursos de revisi\u00f3n, en sustanciaci\u00f3n, pero desafortunadamente, mientras no se tenga el qu\u00f3rum legal, de por lo menos cinco de los siete comisionados, no se puede resolver\u201d, se\u00f1al\u00f3.<\/p><\/blockquote>\n\n\n\n<p>En su turno, la legisladora Wendy Gonz\u00e1lez advirti\u00f3 que la bancada del blanquiazul alista diversas acciones legales para retirar al Ejecutivo la facultad de veto <strong>sobre el nombramiento de los comisionados de los \u00f3rganos con autonom\u00eda constitucional.<\/strong><\/p>\n\n\n\n<blockquote class=\"wp-block-quote is-layout-flow wp-block-quote-is-layout-flow\"><p>\u201cEs inaudito lo que est\u00e1 pasando, no puede ser que sigan pasando los meses y el INAI siga totalmente paralizado, tomado, atorado por la decisi\u00f3n de un solo hombre; es evidente que la intenci\u00f3n del gobierno y del Presidente de la Rep\u00fablica es vivir en la opacidad, mientras menos transparencia mejor, lo han dicho de manera abierta\u201d, subray\u00f3.<\/p><\/blockquote>\n\n\n\n<p>En su \u201camicus curiae\u201d, los representantes de Acci\u00f3n Nacional pidieron a los ministros de la Corte <strong>establecer que el INAI puede sesionar v\u00e1lidamente con los cuatro comisionados <\/strong>que actualmente lo integran, sin que sea un impedimento la omisi\u00f3n del nombramiento de los tres comisionados faltantes.<\/p>\n\n\n\n<blockquote class=\"wp-block-quote is-layout-flow wp-block-quote-is-layout-flow\"><p>\u201cConcluir que el qu\u00f3rum de integraci\u00f3n v\u00e1lida del \u00f3rgano m\u00e1ximo de gobierno del instituto por cinco comisionados solo tiene sentido cuando se encuentran nombrados los siete integrantes\u201d, remarcaron.<\/p><\/blockquote>\n\n\n\n<p>Fuente: <a href=\"https:\/\/www.milenio.com\/politica\/pan-presenta-corte-amicus-curiae-respaldo-inai\" data-type=\"URL\" data-id=\"https:\/\/www.milenio.com\/politica\/pan-presenta-corte-amicus-curiae-respaldo-inai\">Milenio<\/a><\/p>\n","protected":false},"excerpt":{"rendered":"<p>La fracci\u00f3n del PAN en la C\u00e1mara de Diputados\u00a0present\u00f3 ante la Suprema Corte de Justicia un recurso \u201camicus curiae\u201d en respaldo a la controversia constitucional interpuesta por el INAI para sesionar con solo cuatro comisionados, tras el incumplimiento del Senado para designar a los tres faltantes. Encabezados por H\u00e9ctor Sa\u00fal T\u00e9llez, los legisladores panistas acusaron [&hellip;]<\/p>\n","protected":false},"author":35,"featured_media":9779,"comment_status":"open","ping_status":"open","sticky":false,"template":"","format":"standard","meta":{"_monsterinsights_skip_tracking":false,"_monsterinsights_sitenote_active":false,"_monsterinsights_sitenote_note":"","_monsterinsights_sitenote_category":0,"footnotes":""},"categories":[158],"tags":[25724,7727,355,284,9077,13015],"class_list":["post-110134","post","type-post","status-publish","format-standard","has-post-thumbnail","hentry","category-politica","tag-amicus-curiae","tag-corte","tag-inai","tag-pan","tag-presenta","tag-respaldo","wp-image-borders"],"amp_enabled":true,"_links":{"self":[{"href":"https:\/\/nvnoticias.mx\/index.php\/wp-json\/wp\/v2\/posts\/110134","targetHints":{"allow":["GET"]}}],"collection":[{"href":"https:\/\/nvnoticias.mx\/index.php\/wp-json\/wp\/v2\/posts"}],"about":[{"href":"https:\/\/nvnoticias.mx\/index.php\/wp-json\/wp\/v2\/types\/post"}],"author":[{"embeddable":true,"href":"https:\/\/nvnoticias.mx\/index.php\/wp-json\/wp\/v2\/users\/35"}],"replies":[{"embeddable":true,"href":"https:\/\/nvnoticias.mx\/index.php\/wp-json\/wp\/v2\/comments?post=110134"}],"version-history":[{"count":1,"href":"https:\/\/nvnoticias.mx\/index.php\/wp-json\/wp\/v2\/posts\/110134\/revisions"}],"predecessor-version":[{"id":110136,"href":"https:\/\/nvnoticias.mx\/index.php\/wp-json\/wp\/v2\/posts\/110134\/revisions\/110136"}],"wp:featuredmedia":[{"embeddable":true,"href":"https:\/\/nvnoticias.mx\/index.php\/wp-json\/wp\/v2\/media\/9779"}],"wp:attachment":[{"href":"https:\/\/nvnoticias.mx\/index.php\/wp-json\/wp\/v2\/media?parent=110134"}],"wp:term":[{"taxonomy":"category","embeddable":true,"href":"https:\/\/nvnoticias.mx\/index.php\/wp-json\/wp\/v2\/categories?post=110134"},{"taxonomy":"post_tag","embeddable":true,"href":"https:\/\/nvnoticias.mx\/index.php\/wp-json\/wp\/v2\/tags?post=110134"}],"curies":[{"name":"wp","href":"https:\/\/api.w.org\/{rel}","templated":true}]}}