{"id":110085,"date":"2023-06-12T13:34:37","date_gmt":"2023-06-12T18:34:37","guid":{"rendered":"https:\/\/nvnoticias.mx\/?p=110085"},"modified":"2023-06-12T13:34:38","modified_gmt":"2023-06-12T18:34:38","slug":"con-una-inversion-de-5-mdp-ponen-en-marcha-rehabilitacion-del-parque-zamora","status":"publish","type":"post","link":"https:\/\/nvnoticias.mx\/index.php\/2023\/06\/12\/con-una-inversion-de-5-mdp-ponen-en-marcha-rehabilitacion-del-parque-zamora\/","title":{"rendered":"Con una inversi\u00f3n de 5 mdp ponen en marcha rehabilitaci\u00f3n del parque Zamora"},"content":{"rendered":"\n<p><strong>Jes\u00fas Utrilla \/ NV Noticias<\/strong><\/p>\n\n\n\n<p>El Ayuntamiento de Veracruz puso en marcha la rehabilitaci\u00f3n del parque Zamora. La alcaldesa Patricia Lobeira Rodr\u00edguez se\u00f1al\u00f3 que invertir\u00e1n 5 millones de pesos y las obras tardar\u00e1n cerca de dos meses en desarrollarse.<\/p>\n\n\n\n<p>Se demoler\u00e1n varias estructuras inservibles y que no se ocupan, para evitar que los indigentes pernocten en las noches. No habr\u00e1 cierres a la circulaci\u00f3n, inform\u00f3 la alcaldesa Patricia Lobeira Rodr\u00edguez.<\/p>\n\n\n\n<p>Aclar\u00f3 que es una remodelaci\u00f3n y no van a cambiar la estructura original del parque.<br>Se atender\u00e1 el piso, sembrar\u00e1n m\u00e1s \u00e1rboles, arreglar\u00e1n el Kiosko, pintar\u00e1n y lo iluminar\u00e1n m\u00e1s.<\/p>\n\n\n\n<blockquote class=\"wp-block-quote is-layout-flow wp-block-quote-is-layout-flow\"><p>\u201c<em>Es un parque de tradici\u00f3n, un parque que a todos los jarochos los gusta y que hemos visitado en alg\u00fan momento y creo que ya merece la pena que hagamos algo. Viene una remodelaci\u00f3n muy bonita y estoy segura que los jarochos estar\u00e1n muy contentos<\/em>\u201d.<\/p><\/blockquote>\n\n\n\n<p>Se destinar\u00e1n 5 millones de pesos para la rehabilitaci\u00f3n y las obras tardar\u00e1n cerca de dos meses. Se recuperar\u00e1 la fuente de las sirenas, aunque en el proyecto inicial no se contemplaba dicha colocaci\u00f3n.<\/p>\n\n\n\n<p>Por otro lado, inform\u00f3 que la Secretar\u00eda de Turismo del Estado podr\u00eda realizar un concierto masivo en el Carnaval de Veracruz 2023.  <\/p>\n\n\n\n<p>Se reuni\u00f3 con el titular de la Sectur, Iv\u00e1n Mart\u00ednez Olvera, para afinar detalles en los que apoyar\u00eda el gobierno estatal y se encuentran a la espera de conocer qui\u00e9n ser\u00e1 el cuarto artista en presentarse en el Carnaval de Veracruz.<\/p>\n\n\n\n<p>Asimismo, advirti\u00f3 que habr\u00e1 una onda de calor, por lo cual la poblaci\u00f3n debe de extremar precauciones.<\/p>\n\n\n\n<p>Recomend\u00f3 no estar expuesto al sol durante mucho tiempo, hidratarse, tomar mucha agua, en caso de sentirse mareado o d\u00e9bil tomar suero o bebidas hidratantes.<\/p>\n\n\n\n<p>Por \u00faltimo, consider\u00f3 que en el kil\u00f3metro 13.5 falta se\u00f1alizaci\u00f3n por lo que trabajar\u00e1n en coordinaci\u00f3n con la Secretar\u00eda de Comunicaci\u00f3n y transportes y ASIPONAVER.<\/p>\n","protected":false},"excerpt":{"rendered":"<p>Jes\u00fas Utrilla \/ NV Noticias El Ayuntamiento de Veracruz puso en marcha la rehabilitaci\u00f3n del parque Zamora. La alcaldesa Patricia Lobeira Rodr\u00edguez se\u00f1al\u00f3 que invertir\u00e1n 5 millones de pesos y las obras tardar\u00e1n cerca de dos meses en desarrollarse. Se demoler\u00e1n varias estructuras inservibles y que no se ocupan, para evitar que los indigentes pernocten [&hellip;]<\/p>\n","protected":false},"author":8,"featured_media":110086,"comment_status":"open","ping_status":"open","sticky":false,"template":"","format":"standard","meta":{"_monsterinsights_skip_tracking":false,"_monsterinsights_sitenote_active":false,"_monsterinsights_sitenote_note":"","_monsterinsights_sitenote_category":0,"footnotes":""},"categories":[154],"tags":[2933,162,367],"class_list":["post-110085","post","type-post","status-publish","format-standard","has-post-thumbnail","hentry","category-veracruz","tag-parque-zamora","tag-portada","tag-rehabilitacion","wp-image-borders"],"amp_enabled":true,"_links":{"self":[{"href":"https:\/\/nvnoticias.mx\/index.php\/wp-json\/wp\/v2\/posts\/110085","targetHints":{"allow":["GET"]}}],"collection":[{"href":"https:\/\/nvnoticias.mx\/index.php\/wp-json\/wp\/v2\/posts"}],"about":[{"href":"https:\/\/nvnoticias.mx\/index.php\/wp-json\/wp\/v2\/types\/post"}],"author":[{"embeddable":true,"href":"https:\/\/nvnoticias.mx\/index.php\/wp-json\/wp\/v2\/users\/8"}],"replies":[{"embeddable":true,"href":"https:\/\/nvnoticias.mx\/index.php\/wp-json\/wp\/v2\/comments?post=110085"}],"version-history":[{"count":1,"href":"https:\/\/nvnoticias.mx\/index.php\/wp-json\/wp\/v2\/posts\/110085\/revisions"}],"predecessor-version":[{"id":110087,"href":"https:\/\/nvnoticias.mx\/index.php\/wp-json\/wp\/v2\/posts\/110085\/revisions\/110087"}],"wp:featuredmedia":[{"embeddable":true,"href":"https:\/\/nvnoticias.mx\/index.php\/wp-json\/wp\/v2\/media\/110086"}],"wp:attachment":[{"href":"https:\/\/nvnoticias.mx\/index.php\/wp-json\/wp\/v2\/media?parent=110085"}],"wp:term":[{"taxonomy":"category","embeddable":true,"href":"https:\/\/nvnoticias.mx\/index.php\/wp-json\/wp\/v2\/categories?post=110085"},{"taxonomy":"post_tag","embeddable":true,"href":"https:\/\/nvnoticias.mx\/index.php\/wp-json\/wp\/v2\/tags?post=110085"}],"curies":[{"name":"wp","href":"https:\/\/api.w.org\/{rel}","templated":true}]}}