{"id":110054,"date":"2023-06-12T10:51:58","date_gmt":"2023-06-12T15:51:58","guid":{"rendered":"https:\/\/nvnoticias.mx\/?p=110054"},"modified":"2023-06-12T10:51:59","modified_gmt":"2023-06-12T15:51:59","slug":"asegura-amlo-que-ya-tiene-a-sustitutos-de-corcholatas-en-su-gabinete","status":"publish","type":"post","link":"https:\/\/nvnoticias.mx\/index.php\/2023\/06\/12\/asegura-amlo-que-ya-tiene-a-sustitutos-de-corcholatas-en-su-gabinete\/","title":{"rendered":"Asegura AMLO que ya tiene a sustitutos de \u2018corcholatas\u2019 en su Gabinete"},"content":{"rendered":"\n<p>El presidente Andr\u00e9s Manuel L\u00f3pez Obrador asegur\u00f3 que ya tiene a los sustitutos de\u00a0Marcelo Ebrard\u00a0y\u00a0Ad\u00e1n Augusto L\u00f3pez, secretarios de Gobierno que esta semana\u00a0<strong>renunciar\u00e1n<\/strong>\u00a0a sus cargos para contender de lleno por la<strong>\u00a0candidatura presidencial de Morena<\/strong>\u00a0rumbo a las elecciones de 2024.<\/p>\n\n\n\n<blockquote class=\"wp-block-quote is-layout-flow wp-block-quote-is-layout-flow\"><p>\u201cCuando presenten formalmente sus renuncias se dar\u00e1 a conocer. Yo pienso que\u00a0<strong>esta semana\u00a0<\/strong>vamos a dar a conocer qui\u00e9n va a sustituir a Marcelo Ebrard y al secretario de Gobernaci\u00f3n, Ad\u00e1n Augusto L\u00f3pez Hern\u00e1ndez.\u00a0<strong>Los dos muy buenos servidores p\u00fablicos<\/strong>\u201d, dijo AMLO en Palacio Nacional.<\/p><\/blockquote>\n\n\n\n<p>Fuente:<a href=\"https:\/\/www.elfinanciero.com.mx\/nacional\/2023\/06\/12\/amlo-mananera-temas-hoy-12-junio-2023-en-vivo\/?outputType=amp\" data-type=\"URL\" data-id=\"https:\/\/www.elfinanciero.com.mx\/nacional\/2023\/06\/12\/amlo-mananera-temas-hoy-12-junio-2023-en-vivo\/?outputType=amp\"> El Financiero<\/a> <\/p>\n","protected":false},"excerpt":{"rendered":"<p>El presidente Andr\u00e9s Manuel L\u00f3pez Obrador asegur\u00f3 que ya tiene a los sustitutos de\u00a0Marcelo Ebrard\u00a0y\u00a0Ad\u00e1n Augusto L\u00f3pez, secretarios de Gobierno que esta semana\u00a0renunciar\u00e1n\u00a0a sus cargos para contender de lleno por la\u00a0candidatura presidencial de Morena\u00a0rumbo a las elecciones de 2024. \u201cCuando presenten formalmente sus renuncias se dar\u00e1 a conocer. Yo pienso que\u00a0esta semana\u00a0vamos a dar a [&hellip;]<\/p>\n","protected":false},"author":35,"featured_media":96967,"comment_status":"open","ping_status":"open","sticky":false,"template":"","format":"standard","meta":{"_monsterinsights_skip_tracking":false,"_monsterinsights_sitenote_active":false,"_monsterinsights_sitenote_note":"","_monsterinsights_sitenote_category":0,"footnotes":""},"categories":[158],"tags":[16465,188,7328,17373,4687,391,162,25714],"class_list":["post-110054","post","type-post","status-publish","format-standard","has-post-thumbnail","hentry","category-politica","tag-adan-augusto-lopez","tag-amlo","tag-asegura","tag-corcholatas","tag-gabinete","tag-marcelo-ebrard","tag-portada","tag-sustitutos","wp-image-borders"],"amp_enabled":true,"_links":{"self":[{"href":"https:\/\/nvnoticias.mx\/index.php\/wp-json\/wp\/v2\/posts\/110054","targetHints":{"allow":["GET"]}}],"collection":[{"href":"https:\/\/nvnoticias.mx\/index.php\/wp-json\/wp\/v2\/posts"}],"about":[{"href":"https:\/\/nvnoticias.mx\/index.php\/wp-json\/wp\/v2\/types\/post"}],"author":[{"embeddable":true,"href":"https:\/\/nvnoticias.mx\/index.php\/wp-json\/wp\/v2\/users\/35"}],"replies":[{"embeddable":true,"href":"https:\/\/nvnoticias.mx\/index.php\/wp-json\/wp\/v2\/comments?post=110054"}],"version-history":[{"count":2,"href":"https:\/\/nvnoticias.mx\/index.php\/wp-json\/wp\/v2\/posts\/110054\/revisions"}],"predecessor-version":[{"id":110056,"href":"https:\/\/nvnoticias.mx\/index.php\/wp-json\/wp\/v2\/posts\/110054\/revisions\/110056"}],"wp:featuredmedia":[{"embeddable":true,"href":"https:\/\/nvnoticias.mx\/index.php\/wp-json\/wp\/v2\/media\/96967"}],"wp:attachment":[{"href":"https:\/\/nvnoticias.mx\/index.php\/wp-json\/wp\/v2\/media?parent=110054"}],"wp:term":[{"taxonomy":"category","embeddable":true,"href":"https:\/\/nvnoticias.mx\/index.php\/wp-json\/wp\/v2\/categories?post=110054"},{"taxonomy":"post_tag","embeddable":true,"href":"https:\/\/nvnoticias.mx\/index.php\/wp-json\/wp\/v2\/tags?post=110054"}],"curies":[{"name":"wp","href":"https:\/\/api.w.org\/{rel}","templated":true}]}}