{"id":109959,"date":"2023-06-10T17:58:29","date_gmt":"2023-06-10T22:58:29","guid":{"rendered":"https:\/\/nvnoticias.mx\/?p=109959"},"modified":"2023-06-10T17:58:30","modified_gmt":"2023-06-10T22:58:30","slug":"inicia-la-instalacion-de-gradas-para-el-carnaval-de-veracruz-2023","status":"publish","type":"post","link":"https:\/\/nvnoticias.mx\/index.php\/2023\/06\/10\/inicia-la-instalacion-de-gradas-para-el-carnaval-de-veracruz-2023\/","title":{"rendered":"Inicia la instalaci\u00f3n de gradas para el Carnaval de Veracruz 2023"},"content":{"rendered":"\n<p><\/p>\n\n\n\n<p><em>Veracruz, Ver. 10 de junio 2023.-<\/em> En tiempo y forma inici\u00f3 la instalaci\u00f3n de las gradas en el bulevar Manuel \u00c1vila Camacho con motivo del Carnaval de Veracruz 2023 que se realizar\u00e1 del 29 de junio al 5 de julio.<\/p>\n\n\n\n<p>Las gradas comenzaron a instalarse a partir de ayer viernes lado mar y quedar\u00e1n listas en tiempo y forma, tanto en la zona de Veracruz como de Boca del R\u00edo.<\/p>\n\n\n\n<p>Trabajadores iniciaron con la instalaci\u00f3n de las estructuras met\u00e1licas sobre la parte costera, a la altura de playa Regatas, es decir de sur a norte.<\/p>\n\n\n\n<p>El costo de las gradas ser\u00e1 de 100 pesos los d\u00edas s\u00e1bado y domingo, y de 30 pesos los d\u00edas lunes y martes.<\/p>\n","protected":false},"excerpt":{"rendered":"<p>Veracruz, Ver. 10 de junio 2023.- En tiempo y forma inici\u00f3 la instalaci\u00f3n de las gradas en el bulevar Manuel \u00c1vila Camacho con motivo del Carnaval de Veracruz 2023 que se realizar\u00e1 del 29 de junio al 5 de julio. Las gradas comenzaron a instalarse a partir de ayer viernes lado mar y quedar\u00e1n listas [&hellip;]<\/p>\n","protected":false},"author":35,"featured_media":109960,"comment_status":"open","ping_status":"open","sticky":false,"template":"","format":"standard","meta":{"_monsterinsights_skip_tracking":false,"_monsterinsights_sitenote_active":false,"_monsterinsights_sitenote_note":"","_monsterinsights_sitenote_category":0,"footnotes":""},"categories":[154],"tags":[726,13022],"class_list":["post-109959","post","type-post","status-publish","format-standard","has-post-thumbnail","hentry","category-veracruz","tag-carnaval-veracruz","tag-gradas","wp-image-borders"],"amp_enabled":true,"_links":{"self":[{"href":"https:\/\/nvnoticias.mx\/index.php\/wp-json\/wp\/v2\/posts\/109959","targetHints":{"allow":["GET"]}}],"collection":[{"href":"https:\/\/nvnoticias.mx\/index.php\/wp-json\/wp\/v2\/posts"}],"about":[{"href":"https:\/\/nvnoticias.mx\/index.php\/wp-json\/wp\/v2\/types\/post"}],"author":[{"embeddable":true,"href":"https:\/\/nvnoticias.mx\/index.php\/wp-json\/wp\/v2\/users\/35"}],"replies":[{"embeddable":true,"href":"https:\/\/nvnoticias.mx\/index.php\/wp-json\/wp\/v2\/comments?post=109959"}],"version-history":[{"count":1,"href":"https:\/\/nvnoticias.mx\/index.php\/wp-json\/wp\/v2\/posts\/109959\/revisions"}],"predecessor-version":[{"id":109961,"href":"https:\/\/nvnoticias.mx\/index.php\/wp-json\/wp\/v2\/posts\/109959\/revisions\/109961"}],"wp:featuredmedia":[{"embeddable":true,"href":"https:\/\/nvnoticias.mx\/index.php\/wp-json\/wp\/v2\/media\/109960"}],"wp:attachment":[{"href":"https:\/\/nvnoticias.mx\/index.php\/wp-json\/wp\/v2\/media?parent=109959"}],"wp:term":[{"taxonomy":"category","embeddable":true,"href":"https:\/\/nvnoticias.mx\/index.php\/wp-json\/wp\/v2\/categories?post=109959"},{"taxonomy":"post_tag","embeddable":true,"href":"https:\/\/nvnoticias.mx\/index.php\/wp-json\/wp\/v2\/tags?post=109959"}],"curies":[{"name":"wp","href":"https:\/\/api.w.org\/{rel}","templated":true}]}}