{"id":109941,"date":"2023-06-10T14:15:45","date_gmt":"2023-06-10T19:15:45","guid":{"rendered":"https:\/\/nvnoticias.mx\/?p=109941"},"modified":"2023-06-10T14:15:46","modified_gmt":"2023-06-10T19:15:46","slug":"realizan-carrera-con-causa","status":"publish","type":"post","link":"https:\/\/nvnoticias.mx\/index.php\/2023\/06\/10\/realizan-carrera-con-causa\/","title":{"rendered":"Realizan carrera con causa"},"content":{"rendered":"\n<p><strong>Sam Ojeda | NV Noticias<\/strong><\/p>\n\n\n\n<p>Xalapa.- La directora de Vinculaci\u00f3n Social y Cultura Ambiental de la Secretar\u00eda de Medio Ambiente (Sedema), Brenda Joan Soto, dio a conocer la realizaci\u00f3n de una carrera con causa organizada en el \u00e1rea natural protegida Tejar-Garnica<\/p>\n\n\n\n<p>El objetivo fue para recolectar alimentos para tres refugios de animales abandonados, por lo que para la inscripci\u00f3n de esta carrera se solicit\u00f3 un kilogramo de alimentos ya sea para perros y gatos en los municipios de Coatepec, Banderilla y Xalapa.<\/p>\n\n\n\n<p>Se trata de los refugios Lomitos abandonados de Banderilla y Gatitos Olvidados de Xalapa 2000 y uno m\u00e1s de Coatepec, para quienes lograron acopiar mil 300 kilogramos de alimento durante este s\u00e1bado.<\/p>\n\n\n\n<p>Es la segunda carrera que realizan con causa, y consider\u00f3 que se trat\u00f3 de un evento exitoso dada la participaci\u00f3n de la poblaci\u00f3n.<\/p>\n\n\n\n<p>Brenda Joan Soto indic\u00f3 que adem\u00e1s la poblaci\u00f3n pudo disfrutar de otras actividades como el Marcadito Natura, en donde se ofrecen productos y alimentos de la regi\u00f3n, adem\u00e1s de realizar un picnic y otras actividades al aire libre.<\/p>\n\n\n\n<blockquote class=\"wp-block-quote is-layout-flow wp-block-quote-is-layout-flow\"><p>&#8220;Es la segunda carrera, es todo un \u00e9xito, la gente est\u00e1 contenta y emocionada y es de admirar que se levanten temprano para venir a correr al parque Natura Tejar-Garnica&#8221;.<\/p><\/blockquote>\n","protected":false},"excerpt":{"rendered":"<p>Sam Ojeda | NV Noticias Xalapa.- La directora de Vinculaci\u00f3n Social y Cultura Ambiental de la Secretar\u00eda de Medio Ambiente (Sedema), Brenda Joan Soto, dio a conocer la realizaci\u00f3n de una carrera con causa organizada en el \u00e1rea natural protegida Tejar-Garnica El objetivo fue para recolectar alimentos para tres refugios de animales abandonados, por lo [&hellip;]<\/p>\n","protected":false},"author":35,"featured_media":107241,"comment_status":"open","ping_status":"open","sticky":false,"template":"","format":"standard","meta":{"_monsterinsights_skip_tracking":false,"_monsterinsights_sitenote_active":false,"_monsterinsights_sitenote_note":"","_monsterinsights_sitenote_category":0,"footnotes":""},"categories":[156],"tags":[5102,9308,8929],"class_list":["post-109941","post","type-post","status-publish","format-standard","has-post-thumbnail","hentry","category-estado","tag-carrera","tag-causa","tag-realizan","wp-image-borders"],"amp_enabled":true,"_links":{"self":[{"href":"https:\/\/nvnoticias.mx\/index.php\/wp-json\/wp\/v2\/posts\/109941","targetHints":{"allow":["GET"]}}],"collection":[{"href":"https:\/\/nvnoticias.mx\/index.php\/wp-json\/wp\/v2\/posts"}],"about":[{"href":"https:\/\/nvnoticias.mx\/index.php\/wp-json\/wp\/v2\/types\/post"}],"author":[{"embeddable":true,"href":"https:\/\/nvnoticias.mx\/index.php\/wp-json\/wp\/v2\/users\/35"}],"replies":[{"embeddable":true,"href":"https:\/\/nvnoticias.mx\/index.php\/wp-json\/wp\/v2\/comments?post=109941"}],"version-history":[{"count":1,"href":"https:\/\/nvnoticias.mx\/index.php\/wp-json\/wp\/v2\/posts\/109941\/revisions"}],"predecessor-version":[{"id":109942,"href":"https:\/\/nvnoticias.mx\/index.php\/wp-json\/wp\/v2\/posts\/109941\/revisions\/109942"}],"wp:featuredmedia":[{"embeddable":true,"href":"https:\/\/nvnoticias.mx\/index.php\/wp-json\/wp\/v2\/media\/107241"}],"wp:attachment":[{"href":"https:\/\/nvnoticias.mx\/index.php\/wp-json\/wp\/v2\/media?parent=109941"}],"wp:term":[{"taxonomy":"category","embeddable":true,"href":"https:\/\/nvnoticias.mx\/index.php\/wp-json\/wp\/v2\/categories?post=109941"},{"taxonomy":"post_tag","embeddable":true,"href":"https:\/\/nvnoticias.mx\/index.php\/wp-json\/wp\/v2\/tags?post=109941"}],"curies":[{"name":"wp","href":"https:\/\/api.w.org\/{rel}","templated":true}]}}