{"id":109939,"date":"2023-06-10T14:11:55","date_gmt":"2023-06-10T19:11:55","guid":{"rendered":"https:\/\/nvnoticias.mx\/?p=109939"},"modified":"2023-06-10T14:11:56","modified_gmt":"2023-06-10T19:11:56","slug":"adelanta-sheinbaum-que-ya-hay-acuerdo-entre-las-corcholatas","status":"publish","type":"post","link":"https:\/\/nvnoticias.mx\/index.php\/2023\/06\/10\/adelanta-sheinbaum-que-ya-hay-acuerdo-entre-las-corcholatas\/","title":{"rendered":"Adelanta Sheinbaum que ya hay \u201cacuerdo\u201d entre las corcholatas"},"content":{"rendered":"\n<p>La jefa de <strong>Gobierno de Ciudad de M\u00e9xico<\/strong>, <strong>Claudia Sheinbaum<\/strong>, revel\u00f3 que ya hay acuerdo\u00a0entre las corcholatas de cara a la sesi\u00f3n del<strong> Consejo Pol\u00edtico Nacional de Morena<\/strong> de\u00a0este domingo.<\/p>\n\n\n\n<p>La mandataria tambi\u00e9n dio a conocer que la dirigencia del <strong>CEN<\/strong>, que encabeza <strong>Mario Delgado<\/strong>, le&nbsp;inform\u00f3 que los aspirantes podr\u00e1n tomar la palabra para expresar su&nbsp;posicionamiento.<\/p>\n\n\n\n<blockquote class=\"wp-block-quote is-layout-flow wp-block-quote-is-layout-flow\"><p>\u201cYo creo que ah\u00ed hay acuerdo, no va a haber ning\u00fan problema, hay acuerdo de todos los que vamos a participar\u201d, indic\u00f3.<\/p><\/blockquote>\n\n\n\n<p>Asegur\u00f3 que su posici\u00f3n ante <strong>Consejo Nacional de Morena<\/strong> girar\u00e1 en torno a la continuidad del proyecto de transformaci\u00f3n y la unidad: \u201cHay que posicionarse sobre lo que viene, el gran gobierno del presidente <strong>Andr\u00e9s Manuel L\u00f3pez Obrador<\/strong> y lo que representa la continuidad de la 4T y la unidad, por encima de todo\u201d, dijo.<\/p>\n\n\n\n<p>Tras la entrega de la Unidad Habitacional Gitana en <strong>Tl\u00e1huac<\/strong>, afectada por los sismo de 2017, Sheinbaum comparti\u00f3 que\u00a0habl\u00f3\u00a0con l\u00edder de <strong>Morena\u00a0<\/strong>para saber la din\u00e1mica del Consejo y que se perfila la participaci\u00f3n de todos los aspirantes a la candidatura presidencial.<\/p>\n\n\n\n<blockquote class=\"wp-block-quote is-layout-flow wp-block-quote-is-layout-flow\"><p>\u201cLe envi\u00e9 un mensaje a <strong>Delgado <\/strong>pregunt\u00e1ndole si\u00a0\u00edbamos a participar, parece que s\u00ed vamos a presentarnos\u201d, asegur\u00f3.<\/p><\/blockquote>\n\n\n\n<p>Fuente: <a href=\"https:\/\/www.milenio.com\/negocios\/financial-times\/sheinbaum-adelanta-que-ya-hay-acuerdo-entre-las-corcholatas\" data-type=\"URL\" data-id=\"https:\/\/www.milenio.com\/negocios\/financial-times\/sheinbaum-adelanta-que-ya-hay-acuerdo-entre-las-corcholatas\">Milenio<\/a><\/p>\n","protected":false},"excerpt":{"rendered":"<p>La jefa de Gobierno de Ciudad de M\u00e9xico, Claudia Sheinbaum, revel\u00f3 que ya hay acuerdo\u00a0entre las corcholatas de cara a la sesi\u00f3n del Consejo Pol\u00edtico Nacional de Morena de\u00a0este domingo. La mandataria tambi\u00e9n dio a conocer que la dirigencia del CEN, que encabeza Mario Delgado, le&nbsp;inform\u00f3 que los aspirantes podr\u00e1n tomar la palabra para expresar [&hellip;]<\/p>\n","protected":false},"author":35,"featured_media":81655,"comment_status":"open","ping_status":"open","sticky":false,"template":"","format":"standard","meta":{"_monsterinsights_skip_tracking":false,"_monsterinsights_sitenote_active":false,"_monsterinsights_sitenote_note":"","_monsterinsights_sitenote_category":0,"footnotes":""},"categories":[158],"tags":[12374,2801,17373],"class_list":["post-109939","post","type-post","status-publish","format-standard","has-post-thumbnail","hentry","category-politica","tag-adelanta","tag-claudia-sheinbaum","tag-corcholatas","wp-image-borders"],"amp_enabled":true,"_links":{"self":[{"href":"https:\/\/nvnoticias.mx\/index.php\/wp-json\/wp\/v2\/posts\/109939","targetHints":{"allow":["GET"]}}],"collection":[{"href":"https:\/\/nvnoticias.mx\/index.php\/wp-json\/wp\/v2\/posts"}],"about":[{"href":"https:\/\/nvnoticias.mx\/index.php\/wp-json\/wp\/v2\/types\/post"}],"author":[{"embeddable":true,"href":"https:\/\/nvnoticias.mx\/index.php\/wp-json\/wp\/v2\/users\/35"}],"replies":[{"embeddable":true,"href":"https:\/\/nvnoticias.mx\/index.php\/wp-json\/wp\/v2\/comments?post=109939"}],"version-history":[{"count":1,"href":"https:\/\/nvnoticias.mx\/index.php\/wp-json\/wp\/v2\/posts\/109939\/revisions"}],"predecessor-version":[{"id":109940,"href":"https:\/\/nvnoticias.mx\/index.php\/wp-json\/wp\/v2\/posts\/109939\/revisions\/109940"}],"wp:featuredmedia":[{"embeddable":true,"href":"https:\/\/nvnoticias.mx\/index.php\/wp-json\/wp\/v2\/media\/81655"}],"wp:attachment":[{"href":"https:\/\/nvnoticias.mx\/index.php\/wp-json\/wp\/v2\/media?parent=109939"}],"wp:term":[{"taxonomy":"category","embeddable":true,"href":"https:\/\/nvnoticias.mx\/index.php\/wp-json\/wp\/v2\/categories?post=109939"},{"taxonomy":"post_tag","embeddable":true,"href":"https:\/\/nvnoticias.mx\/index.php\/wp-json\/wp\/v2\/tags?post=109939"}],"curies":[{"name":"wp","href":"https:\/\/api.w.org\/{rel}","templated":true}]}}