{"id":109929,"date":"2023-06-10T13:29:51","date_gmt":"2023-06-10T18:29:51","guid":{"rendered":"https:\/\/nvnoticias.mx\/?p=109929"},"modified":"2023-06-10T13:29:52","modified_gmt":"2023-06-10T18:29:52","slug":"marcelo-aventaja-en-17-estados-coordinador-primo","status":"publish","type":"post","link":"https:\/\/nvnoticias.mx\/index.php\/2023\/06\/10\/marcelo-aventaja-en-17-estados-coordinador-primo\/","title":{"rendered":"Marcelo aventaja en 17 estados: coordinador Primo"},"content":{"rendered":"\n<p><strong>Sam Ojeda | NV Noticias<\/strong><\/p>\n\n\n\n<p>Xalapa.- El Coordinador en Veracruz de \u201cCon Marcelo S\u00ed\u201d, Primo Dothe Mata, descart\u00f3 el \u00e9xodo del todav\u00eda Secretario de Relaciones Exteriores, Marcelo Ebrard Casaub\u00f3n a cualquier otro partido o sigla pol\u00edtica, en caso de no ganar la Encuesta de Designaci\u00f3n de Candidaturas Presidenciales de Morena.<\/p>\n\n\n\n<p>En conferencia de prensa desde c\u00e9ntrico caf\u00e9, Dothe Mata enfatiz\u00f3 que Ebrard Casaubon ganar\u00e1 dicho medio de selecci\u00f3n de perfiles del partido guinda, dado que encabeza preferencias en diecisiete entidades federativas y en 15, alcanz\u00f3 un empate t\u00e9cnico.<\/p>\n\n\n\n<blockquote class=\"wp-block-quote is-layout-flow wp-block-quote-is-layout-flow\"><p>\u201cTenemos 17 entidades federativas a favor y en 15 empates t\u00e9cnicos y tambi\u00e9n en desventaja es decir, la conclusi\u00f3n hasta hoy es todo eso que se ha visto no nos ha sido en desventaja porque nosotros no estamos nosotros no estamos luchando en esa arena\u201d.<\/p><\/blockquote>\n\n\n\n<p>Abund\u00f3 que la agrupaci\u00f3n \u201cCon Marcelo S\u00ed\u201d contrat\u00f3 casas encuestadoras no para la publicaci\u00f3n de tendencias pero s\u00ed, para la medici\u00f3n del terreno pol\u00edtico y en donde los resultados le dan a Ebrard un 3 por ciento de ventaja de los dem\u00e1s aspirantes de Morena a la primera magistratura.<\/p>\n\n\n\n<blockquote class=\"wp-block-quote is-layout-flow wp-block-quote-is-layout-flow\"><p>\u201cSi estuvi\u00e9ramos en el quinto lugar, pues dir\u00edamos \u2018con permiso no tenemos nada que hacer\u2019\u2026 puedo decirles con responsabilidad y seriedad que de acuerdo a los datos que nosotros, hemos pedido fr\u00edos duros y realistas, estamos 3% arriba al nivel nacional\u201d resalt\u00f3.<\/p><\/blockquote>\n\n\n\n<p>Cuestionado sobre la promoci\u00f3n a favor de Claudia Sheinbaum Pardo en la entidad, en giras por el sur y norte, Dothe Mata calific\u00f3 dicha acci\u00f3n de \u201ccuestionable y lamentable\u201d.<\/p>\n\n\n\n<blockquote class=\"wp-block-quote is-layout-flow wp-block-quote-is-layout-flow\"><p>\u201cComo todav\u00eda no hay convocatoria, qu\u00e9 mala cuestionable actitud; no es decir: \u2018no me puede decir nada ahorita, no estoy violando la convocatoria\u2026 porque no hay convocatoria\u2019. Creo que ese desafortunada, esas desafortunadas actitudes enriquecen m\u00e1s el debate de ma\u00f1ana, de lo que se debe de evitar\u201d.<\/p><\/blockquote>\n\n\n\n<p>Lo anterior, en alusi\u00f3n a la celebraci\u00f3n del Consejo Nacional de Morena y en donde trascender\u00eda los alcances y l\u00edmites de la encuesta de selecci\u00f3n de candidato o candidata a la Presidencia de la Rep\u00fablica.<\/p>\n","protected":false},"excerpt":{"rendered":"<p>Sam Ojeda | NV Noticias Xalapa.- El Coordinador en Veracruz de \u201cCon Marcelo S\u00ed\u201d, Primo Dothe Mata, descart\u00f3 el \u00e9xodo del todav\u00eda Secretario de Relaciones Exteriores, Marcelo Ebrard Casaub\u00f3n a cualquier otro partido o sigla pol\u00edtica, en caso de no ganar la Encuesta de Designaci\u00f3n de Candidaturas Presidenciales de Morena. En conferencia de prensa desde [&hellip;]<\/p>\n","protected":false},"author":35,"featured_media":1140,"comment_status":"open","ping_status":"open","sticky":false,"template":"","format":"standard","meta":{"_monsterinsights_skip_tracking":false,"_monsterinsights_sitenote_active":false,"_monsterinsights_sitenote_note":"","_monsterinsights_sitenote_category":0,"footnotes":""},"categories":[156],"tags":[391,21990],"class_list":["post-109929","post","type-post","status-publish","format-standard","has-post-thumbnail","hentry","category-estado","tag-marcelo-ebrard","tag-primo-dothe","wp-image-borders"],"amp_enabled":true,"_links":{"self":[{"href":"https:\/\/nvnoticias.mx\/index.php\/wp-json\/wp\/v2\/posts\/109929","targetHints":{"allow":["GET"]}}],"collection":[{"href":"https:\/\/nvnoticias.mx\/index.php\/wp-json\/wp\/v2\/posts"}],"about":[{"href":"https:\/\/nvnoticias.mx\/index.php\/wp-json\/wp\/v2\/types\/post"}],"author":[{"embeddable":true,"href":"https:\/\/nvnoticias.mx\/index.php\/wp-json\/wp\/v2\/users\/35"}],"replies":[{"embeddable":true,"href":"https:\/\/nvnoticias.mx\/index.php\/wp-json\/wp\/v2\/comments?post=109929"}],"version-history":[{"count":1,"href":"https:\/\/nvnoticias.mx\/index.php\/wp-json\/wp\/v2\/posts\/109929\/revisions"}],"predecessor-version":[{"id":109930,"href":"https:\/\/nvnoticias.mx\/index.php\/wp-json\/wp\/v2\/posts\/109929\/revisions\/109930"}],"wp:featuredmedia":[{"embeddable":true,"href":"https:\/\/nvnoticias.mx\/index.php\/wp-json\/wp\/v2\/media\/1140"}],"wp:attachment":[{"href":"https:\/\/nvnoticias.mx\/index.php\/wp-json\/wp\/v2\/media?parent=109929"}],"wp:term":[{"taxonomy":"category","embeddable":true,"href":"https:\/\/nvnoticias.mx\/index.php\/wp-json\/wp\/v2\/categories?post=109929"},{"taxonomy":"post_tag","embeddable":true,"href":"https:\/\/nvnoticias.mx\/index.php\/wp-json\/wp\/v2\/tags?post=109929"}],"curies":[{"name":"wp","href":"https:\/\/api.w.org\/{rel}","templated":true}]}}