{"id":109924,"date":"2023-06-10T12:53:34","date_gmt":"2023-06-10T17:53:34","guid":{"rendered":"https:\/\/nvnoticias.mx\/?p=109924"},"modified":"2023-06-10T12:53:36","modified_gmt":"2023-06-10T17:53:36","slug":"alcanza-humo-de-los-incendios-forestales-en-canada-a-eu-y-hasta-noruega","status":"publish","type":"post","link":"https:\/\/nvnoticias.mx\/index.php\/2023\/06\/10\/alcanza-humo-de-los-incendios-forestales-en-canada-a-eu-y-hasta-noruega\/","title":{"rendered":"Alcanza humo de los incendios forestales en Canad\u00e1 a EU y hasta Noruega"},"content":{"rendered":"\n<p>El humo de los incendios forestales que asolan Canad\u00e1, in\u00e9ditos por su intensidad, ha encendido alarmas sanitarias y obligado a cerrar escuelas y cancelar vuelos en ciudades de Estados Unidos, e incluso ha alcanzado Noruega.<\/p>\n\n\n\n<p>El episodio de extra\u00f1a contaminaci\u00f3n atmosf\u00e9rica tiene consecuencias concretas en la vida de la poblaci\u00f3n.<\/p>\n\n\n\n<p>Seg\u00fan la Agencia de Protecci\u00f3n Ambiental de Estados Unidos, la EPA, m\u00e1s de 111 millones de personas se vieron afectadas por alertas de calidad del aire en gran parte del noreste estadunidense.<\/p>\n\n\n\n<p>Las llamas <strong>han arrasado unas 900 mil hect\u00e1reas de bosques en la provincia canadiense de Quebec <\/strong>desde principios de este a\u00f1o, seg\u00fan la Sociedad de Protecci\u00f3n de Bosques contra los Incendios (SOPFEU).&nbsp;<\/p>\n\n\n\n<p>Su humo es empujado hacia el sur debido a las condiciones clim\u00e1ticas, pero tambi\u00e9n hacia el este, incluso a miles de kil\u00f3metros de distancia.<\/p>\n\n\n\n<p>Se han registrado desde el lunes unas <strong>concentraciones &#8220;muy bajas&#8221; de part\u00edculas de humo,<\/strong> especialmente en la estaci\u00f3n de Birkenes, en el sur de Noruega, dijo a la <em>AFP <\/em>el investigador Nikolaos Evangeliou, del Instituto Noruego de Investigaci\u00f3n Clim\u00e1tica y Medioambiental (NILU).<\/p>\n\n\n\n<p>Sin embargo, las mediciones var\u00edan y &#8220;no vemos un pico grave ni un aumento importante. (&#8230;) Por lo tanto, <strong>no vemos un problema medioambiental<\/strong> ni tampoco un riesgo grave para la salud&#8221; en este pa\u00eds, se\u00f1al\u00f3 el investigador.<\/p>\n\n\n\n<p>En Washington, la situaci\u00f3n el jueves era incluso peor que el d\u00eda anterior.<\/p>\n\n\n\n<p>Un evento para celebrar el mes del orgullo LGBT+, que iba a tener lugar el jueves por la noche en las afueras de la Casa Blanca, fue pospuesto, al igual que un partido de b\u00e9isbol profesional.<\/p>\n\n\n\n<p>Fuente:<a href=\"https:\/\/www.milenio.com\/internacional\/humo-de-incendios-forestales-en-canada-alcanza-eu-y-noruega\" data-type=\"URL\" data-id=\"https:\/\/www.milenio.com\/internacional\/humo-de-incendios-forestales-en-canada-alcanza-eu-y-noruega\"> Milenio<\/a><\/p>\n","protected":false},"excerpt":{"rendered":"<p>El humo de los incendios forestales que asolan Canad\u00e1, in\u00e9ditos por su intensidad, ha encendido alarmas sanitarias y obligado a cerrar escuelas y cancelar vuelos en ciudades de Estados Unidos, e incluso ha alcanzado Noruega. El episodio de extra\u00f1a contaminaci\u00f3n atmosf\u00e9rica tiene consecuencias concretas en la vida de la poblaci\u00f3n. Seg\u00fan la Agencia de Protecci\u00f3n [&hellip;]<\/p>\n","protected":false},"author":35,"featured_media":5920,"comment_status":"open","ping_status":"open","sticky":false,"template":"","format":"standard","meta":{"_monsterinsights_skip_tracking":false,"_monsterinsights_sitenote_active":false,"_monsterinsights_sitenote_note":"","_monsterinsights_sitenote_category":0,"footnotes":""},"categories":[181],"tags":[12058,887,183,22760,2256,489],"class_list":["post-109924","post","type-post","status-publish","format-standard","has-post-thumbnail","hentry","category-internacional","tag-alcanza","tag-canada-2","tag-estados-unidos","tag-humo","tag-incendios-forestales","tag-noruega","wp-image-borders"],"amp_enabled":true,"_links":{"self":[{"href":"https:\/\/nvnoticias.mx\/index.php\/wp-json\/wp\/v2\/posts\/109924","targetHints":{"allow":["GET"]}}],"collection":[{"href":"https:\/\/nvnoticias.mx\/index.php\/wp-json\/wp\/v2\/posts"}],"about":[{"href":"https:\/\/nvnoticias.mx\/index.php\/wp-json\/wp\/v2\/types\/post"}],"author":[{"embeddable":true,"href":"https:\/\/nvnoticias.mx\/index.php\/wp-json\/wp\/v2\/users\/35"}],"replies":[{"embeddable":true,"href":"https:\/\/nvnoticias.mx\/index.php\/wp-json\/wp\/v2\/comments?post=109924"}],"version-history":[{"count":2,"href":"https:\/\/nvnoticias.mx\/index.php\/wp-json\/wp\/v2\/posts\/109924\/revisions"}],"predecessor-version":[{"id":109926,"href":"https:\/\/nvnoticias.mx\/index.php\/wp-json\/wp\/v2\/posts\/109924\/revisions\/109926"}],"wp:featuredmedia":[{"embeddable":true,"href":"https:\/\/nvnoticias.mx\/index.php\/wp-json\/wp\/v2\/media\/5920"}],"wp:attachment":[{"href":"https:\/\/nvnoticias.mx\/index.php\/wp-json\/wp\/v2\/media?parent=109924"}],"wp:term":[{"taxonomy":"category","embeddable":true,"href":"https:\/\/nvnoticias.mx\/index.php\/wp-json\/wp\/v2\/categories?post=109924"},{"taxonomy":"post_tag","embeddable":true,"href":"https:\/\/nvnoticias.mx\/index.php\/wp-json\/wp\/v2\/tags?post=109924"}],"curies":[{"name":"wp","href":"https:\/\/api.w.org\/{rel}","templated":true}]}}