{"id":109905,"date":"2023-06-10T12:15:39","date_gmt":"2023-06-10T17:15:39","guid":{"rendered":"https:\/\/nvnoticias.mx\/?p=109905"},"modified":"2023-06-10T12:15:39","modified_gmt":"2023-06-10T17:15:39","slug":"avanza-la-restauracion-del-sistema-arrecifal-veracruzano","status":"publish","type":"post","link":"https:\/\/nvnoticias.mx\/index.php\/2023\/06\/10\/avanza-la-restauracion-del-sistema-arrecifal-veracruzano\/","title":{"rendered":"Avanza la restauraci\u00f3n del Sistema Arrecifal Veracruzano"},"content":{"rendered":"\n<p><strong>Jes\u00fas Utrilla | NV Noticias<\/strong><\/p>\n\n\n\n<p>Siguen en marcha los trabajos de restauraci\u00f3n de los arrecifes en Veracruz, y se han logrado recuperar casi 5 hect\u00e1reas en la zona oeste de Cancuncito, seg\u00fan declar\u00f3 Mariana Latap\u00ed Garc\u00eda, presidenta de la organizaci\u00f3n civil Reciclemos y Ayudemos. Afirm\u00f3 que estos esfuerzos est\u00e1n siendo llevados a cabo por el grupo Oc\u00e9anos AC, pero tambi\u00e9n se invita a la sociedad civil a unirse en el rescate de los arrecifes.<\/p>\n\n\n\n<p>Se ha observado un notable aumento de vida en el \u00e1rea de los corales de Alce, donde antes hab\u00eda un paisaje des\u00e9rtico. Actualmente, se est\u00e1n viendo surgir numerosos corales y la vida marina est\u00e1 floreciendo. Este cambio es realmente impactante y significativo.<\/p>\n\n\n\n<p>La meta es trabajar en toda la regi\u00f3n de Veracruz y Boca del R\u00edo para recuperar los arrecifes. Latap\u00ed Garc\u00eda se\u00f1al\u00f3 que esta tarea es responsabilidad de todos, y que cualquier persona puede sumarse a la asociaci\u00f3n mediante donaciones o participando en la plantaci\u00f3n de corales en el mar. Existe un inmenso potencial de restauraci\u00f3n en las profundidades del oc\u00e9ano, y es recomendable unirse a esta asociaci\u00f3n para colaborar.<\/p>\n\n\n\n<p>Es importante destacar que la organizaci\u00f3n ambientalista Greenpeace recientemente denunci\u00f3 que durante la ampliaci\u00f3n del Puerto de Veracruz se omiti\u00f3 la existencia de 20 arrecifes en el informe de impacto ambiental, incluyendo siete arrecifes sumergidos ubicados en la zona de construcci\u00f3n.<\/p>\n\n\n\n<p>La agrupaci\u00f3n advirti\u00f3 que el arrecife La Gallega se ver\u00e1 sedimentado y desaparecer\u00e1 a medio o largo plazo, y lo mismo ocurrir\u00e1 con el resto de los arrecifes debido al da\u00f1o acumulativo.<\/p>\n","protected":false},"excerpt":{"rendered":"<p>Jes\u00fas Utrilla | NV Noticias Siguen en marcha los trabajos de restauraci\u00f3n de los arrecifes en Veracruz, y se han logrado recuperar casi 5 hect\u00e1reas en la zona oeste de Cancuncito, seg\u00fan declar\u00f3 Mariana Latap\u00ed Garc\u00eda, presidenta de la organizaci\u00f3n civil Reciclemos y Ayudemos. Afirm\u00f3 que estos esfuerzos est\u00e1n siendo llevados a cabo por el [&hellip;]<\/p>\n","protected":false},"author":35,"featured_media":44748,"comment_status":"open","ping_status":"open","sticky":false,"template":"","format":"standard","meta":{"_monsterinsights_skip_tracking":false,"_monsterinsights_sitenote_active":false,"_monsterinsights_sitenote_note":"","_monsterinsights_sitenote_category":0,"footnotes":""},"categories":[154],"tags":[8289,21549,11692],"class_list":["post-109905","post","type-post","status-publish","format-standard","has-post-thumbnail","hentry","category-veracruz","tag-avanza","tag-restauracion","tag-sistema-arrecifal-veracruzano","wp-image-borders"],"amp_enabled":true,"_links":{"self":[{"href":"https:\/\/nvnoticias.mx\/index.php\/wp-json\/wp\/v2\/posts\/109905","targetHints":{"allow":["GET"]}}],"collection":[{"href":"https:\/\/nvnoticias.mx\/index.php\/wp-json\/wp\/v2\/posts"}],"about":[{"href":"https:\/\/nvnoticias.mx\/index.php\/wp-json\/wp\/v2\/types\/post"}],"author":[{"embeddable":true,"href":"https:\/\/nvnoticias.mx\/index.php\/wp-json\/wp\/v2\/users\/35"}],"replies":[{"embeddable":true,"href":"https:\/\/nvnoticias.mx\/index.php\/wp-json\/wp\/v2\/comments?post=109905"}],"version-history":[{"count":1,"href":"https:\/\/nvnoticias.mx\/index.php\/wp-json\/wp\/v2\/posts\/109905\/revisions"}],"predecessor-version":[{"id":109906,"href":"https:\/\/nvnoticias.mx\/index.php\/wp-json\/wp\/v2\/posts\/109905\/revisions\/109906"}],"wp:featuredmedia":[{"embeddable":true,"href":"https:\/\/nvnoticias.mx\/index.php\/wp-json\/wp\/v2\/media\/44748"}],"wp:attachment":[{"href":"https:\/\/nvnoticias.mx\/index.php\/wp-json\/wp\/v2\/media?parent=109905"}],"wp:term":[{"taxonomy":"category","embeddable":true,"href":"https:\/\/nvnoticias.mx\/index.php\/wp-json\/wp\/v2\/categories?post=109905"},{"taxonomy":"post_tag","embeddable":true,"href":"https:\/\/nvnoticias.mx\/index.php\/wp-json\/wp\/v2\/tags?post=109905"}],"curies":[{"name":"wp","href":"https:\/\/api.w.org\/{rel}","templated":true}]}}