{"id":109900,"date":"2023-06-10T11:00:55","date_gmt":"2023-06-10T16:00:55","guid":{"rendered":"https:\/\/nvnoticias.mx\/?p=109900"},"modified":"2023-06-10T11:00:56","modified_gmt":"2023-06-10T16:00:56","slug":"cada-juzgado-de-lo-familiar-recibe-hasta-250-demandas-de-pensiones-alimenticias-al-mes","status":"publish","type":"post","link":"https:\/\/nvnoticias.mx\/index.php\/2023\/06\/10\/cada-juzgado-de-lo-familiar-recibe-hasta-250-demandas-de-pensiones-alimenticias-al-mes\/","title":{"rendered":"Cada juzgado de lo familiar recibe hasta 250 demandas de pensiones alimenticias al mes"},"content":{"rendered":"\n<p><strong>Jes\u00fas Utrilla | NV Noticias<\/strong> <\/p>\n\n\n\n<p>En el Distrito Judicial de Veracruz hay cuatro juzgados familiares, cada uno llega a recibir hasta 250 demandas de pensiones alimenticias al mes. Javier Castellanos Chargoy, Juez del Juzgado Octavo de Primera Instancia Especializada en Materia Familiar,\u00a0 dijo que los hombres no son los \u00fanicos que incumplen con los pagos sino tambi\u00e9n mujeres y ellas tambi\u00e9n podr\u00edan ser incluidas en el Registro de Deudores Alimentarios.<\/p>\n\n\n\n<blockquote class=\"wp-block-quote is-layout-flow wp-block-quote-is-layout-flow\"><p>\u201cLa gran mayor\u00eda son hombres por los roles pero de todas maneras puede haber caso donde las mujeres acuden como demandadas, en ocasiones por ser deudoras alimentarias y tambi\u00e9n por actos de revanchismo\u201d.<\/p><\/blockquote>\n\n\n\n<p>Dijo que el registro incluye los datos de las personas que han sido judicialmente declaradas como deudores alimentarios morosos, es decir, aquellos que no han pagado regularmente la pensi\u00f3n alimenticia o han incurrido en atrasos significativos.<\/p>\n\n\n\n<p>Sin embargo, quedar\u00e1 integrado hasta abril de 2025, pues aunque la ley entr\u00f3 en vigor el 9 de mayo de este a\u00f1o se tiene que instaurar un complejo marco de acciones.<\/p>\n\n\n\n<blockquote class=\"wp-block-quote is-layout-flow wp-block-quote-is-layout-flow\"><p>\u201cLa norma contempla una vacatio legis que indica que entrar\u00e1 en vigor al d\u00eda siguiente pero se conceden 300 d\u00edas h\u00e1biles a las autoridades y DIF para que cree el registro nacional y a parte se va a conceder una vacatio legis de 120 d\u00edas para que se armonicen las leyes, se armonicen todos los c\u00f3digos civiles y se regulen las normas\u201d.<\/p><\/blockquote>\n\n\n\n<p>El Registro de Deudores Alimentarios es una base de datos que registra y recopila informaci\u00f3n sobre las personas que tienen obligaciones de pago de alimentos y han incurrido en incumplimiento de dichas obligaciones.<\/p>\n\n\n\n<p>El registro tiene consecuencias legales para el deudor como restricciones en el otorgamiento de cr\u00e9ditos, impedimentos para obtener ciertos beneficios gubernamentales, restricciones para viajar al extranjero, entre otras medidas.<\/p>\n\n\n\n<blockquote class=\"wp-block-quote is-layout-flow wp-block-quote-is-layout-flow\"><p>\u201cSi habr\u00e1 limitaci\u00f3n para que los deudores que se encuentren inscritos en estos registros est\u00e9n impedidos para la obtenci\u00f3n de pasaportes, de sus documentos para participar como candidatos a un puesto de elecci\u00f3n popular, para desempe\u00f1ar un cargo de juez o magistrado, para poder realizar actividades ante notario, entre otros\u201d.<\/p><\/blockquote>\n\n\n\n<p>El 8 de junio se cumpli\u00f3 un mes que se public\u00f3 en el Diario Oficial de la Federaci\u00f3n por lo que se dio un panorama general del tema, ya que los legisladores reforman pero los jueces y abogados interpretan.\u00a0<\/p>\n\n\n\n<blockquote class=\"wp-block-quote is-layout-flow wp-block-quote-is-layout-flow\"><p>\u201cEs un problema grave el tema de deudores alimentarios y amerit\u00f3 una reflexi\u00f3n profunda con la finalidad de proteger a los ni\u00f1os y adolescentes creando el registro nacional. Para nosotros es novedoso pero en algunos pa\u00edses est\u00e1 desde hace 20 a\u00f1os\u201d.<\/p><\/blockquote>\n","protected":false},"excerpt":{"rendered":"<p>Jes\u00fas Utrilla | NV Noticias En el Distrito Judicial de Veracruz hay cuatro juzgados familiares, cada uno llega a recibir hasta 250 demandas de pensiones alimenticias al mes. Javier Castellanos Chargoy, Juez del Juzgado Octavo de Primera Instancia Especializada en Materia Familiar,\u00a0 dijo que los hombres no son los \u00fanicos que incumplen con los pagos [&hellip;]<\/p>\n","protected":false},"author":35,"featured_media":17438,"comment_status":"open","ping_status":"open","sticky":false,"template":"","format":"standard","meta":{"_monsterinsights_skip_tracking":false,"_monsterinsights_sitenote_active":false,"_monsterinsights_sitenote_note":"","_monsterinsights_sitenote_category":0,"footnotes":""},"categories":[154],"tags":[1966,9384,22726,25691,7909],"class_list":["post-109900","post","type-post","status-publish","format-standard","has-post-thumbnail","hentry","category-veracruz","tag-demandas","tag-familiar","tag-juzgado","tag-pensiones-alimenticias","tag-recibe","wp-image-borders"],"amp_enabled":true,"_links":{"self":[{"href":"https:\/\/nvnoticias.mx\/index.php\/wp-json\/wp\/v2\/posts\/109900","targetHints":{"allow":["GET"]}}],"collection":[{"href":"https:\/\/nvnoticias.mx\/index.php\/wp-json\/wp\/v2\/posts"}],"about":[{"href":"https:\/\/nvnoticias.mx\/index.php\/wp-json\/wp\/v2\/types\/post"}],"author":[{"embeddable":true,"href":"https:\/\/nvnoticias.mx\/index.php\/wp-json\/wp\/v2\/users\/35"}],"replies":[{"embeddable":true,"href":"https:\/\/nvnoticias.mx\/index.php\/wp-json\/wp\/v2\/comments?post=109900"}],"version-history":[{"count":1,"href":"https:\/\/nvnoticias.mx\/index.php\/wp-json\/wp\/v2\/posts\/109900\/revisions"}],"predecessor-version":[{"id":109901,"href":"https:\/\/nvnoticias.mx\/index.php\/wp-json\/wp\/v2\/posts\/109900\/revisions\/109901"}],"wp:featuredmedia":[{"embeddable":true,"href":"https:\/\/nvnoticias.mx\/index.php\/wp-json\/wp\/v2\/media\/17438"}],"wp:attachment":[{"href":"https:\/\/nvnoticias.mx\/index.php\/wp-json\/wp\/v2\/media?parent=109900"}],"wp:term":[{"taxonomy":"category","embeddable":true,"href":"https:\/\/nvnoticias.mx\/index.php\/wp-json\/wp\/v2\/categories?post=109900"},{"taxonomy":"post_tag","embeddable":true,"href":"https:\/\/nvnoticias.mx\/index.php\/wp-json\/wp\/v2\/tags?post=109900"}],"curies":[{"name":"wp","href":"https:\/\/api.w.org\/{rel}","templated":true}]}}