{"id":109872,"date":"2023-06-09T17:11:08","date_gmt":"2023-06-09T22:11:08","guid":{"rendered":"https:\/\/nvnoticias.mx\/?p=109872"},"modified":"2023-06-09T17:11:09","modified_gmt":"2023-06-09T22:11:09","slug":"alega-trump-que-no-hay-crimen-y-que-estaba-autorizado-a-llevarse-documentos","status":"publish","type":"post","link":"https:\/\/nvnoticias.mx\/index.php\/2023\/06\/09\/alega-trump-que-no-hay-crimen-y-que-estaba-autorizado-a-llevarse-documentos\/","title":{"rendered":"Alega Trump que &#8220;no hay crimen&#8221; y que estaba autorizado a llevarse documentos"},"content":{"rendered":"\n<p>El expresidente de Estados Unidos <strong>Donald Trump<\/strong> aleg\u00f3 este viernes que no cometi\u00f3 ning\u00fan crimen al llevarse documentos clasificados a su mansi\u00f3n en Florida tras el fin de su mandato, y que estaba autorizado en virtud de una ley sobre registros presidenciales.<\/p>\n\n\n\n<p>&#8220;Es una cacer\u00eda de brujas&#8221;, exclam\u00f3 en un mensaje publicado en su red social Truth Social, en donde arremeti\u00f3 contra el fiscal especial Jack Smith y el presidente de Estados Unidos, Joe Biden, as\u00ed como contra el Departamento de Justicia y el FBI.<\/p>\n\n\n\n<p>El exmandatario (2017-2021) public\u00f3 sus mensajes poco despu\u00e9s de que se difundiera la acusaci\u00f3n, la cual contiene 37 cargos federales en su contra, 31 de ellos por retenci\u00f3n deliberada de documentos clasificados (con informaci\u00f3n que concierne a la Defensa nacional).<\/p>\n\n\n\n<p>Los cargos contra Trump incluyen adem\u00e1s conspiraci\u00f3n para obstruir la justicia, retenci\u00f3n de un documento o registro, ocultaci\u00f3n de un documento o registro, y declaraciones falsas, entre otros, los cuales, como recogen medios estadounidenses, podr\u00edan suponerle a\u00f1os de c\u00e1rcel en caso de que sea hallado culpable.<\/p>\n\n\n\n<p>De acuerdo al diario The Washington Post, <strong>el cargo de obstrucci\u00f3n acarrea un m\u00e1ximo de 20 a\u00f1os y los de retenci\u00f3n deliberada hasta 10 a\u00f1os cada uno<\/strong>.<\/p>\n\n\n\n<p>Fuente:<a href=\"https:\/\/www.eluniversal.com.mx\/mundo\/trump-alega-que-no-hay-crimen-y-que-estaba-autorizado-a-llevarse-documentos\/\" data-type=\"URL\" data-id=\"https:\/\/www.eluniversal.com.mx\/mundo\/trump-alega-que-no-hay-crimen-y-que-estaba-autorizado-a-llevarse-documentos\/\"> El Universal<\/a><\/p>\n","protected":false},"excerpt":{"rendered":"<p>El expresidente de Estados Unidos Donald Trump aleg\u00f3 este viernes que no cometi\u00f3 ning\u00fan crimen al llevarse documentos clasificados a su mansi\u00f3n en Florida tras el fin de su mandato, y que estaba autorizado en virtud de una ley sobre registros presidenciales. &#8220;Es una cacer\u00eda de brujas&#8221;, exclam\u00f3 en un mensaje publicado en su red [&hellip;]<\/p>\n","protected":false},"author":35,"featured_media":92081,"comment_status":"open","ping_status":"open","sticky":false,"template":"","format":"standard","meta":{"_monsterinsights_skip_tracking":false,"_monsterinsights_sitenote_active":false,"_monsterinsights_sitenote_note":"","_monsterinsights_sitenote_category":0,"footnotes":""},"categories":[181],"tags":[15494,15350,336,9640,230],"class_list":["post-109872","post","type-post","status-publish","format-standard","has-post-thumbnail","hentry","category-internacional","tag-alega","tag-autorizado","tag-crimen","tag-documentos","tag-donald-trump","wp-image-borders"],"amp_enabled":true,"_links":{"self":[{"href":"https:\/\/nvnoticias.mx\/index.php\/wp-json\/wp\/v2\/posts\/109872","targetHints":{"allow":["GET"]}}],"collection":[{"href":"https:\/\/nvnoticias.mx\/index.php\/wp-json\/wp\/v2\/posts"}],"about":[{"href":"https:\/\/nvnoticias.mx\/index.php\/wp-json\/wp\/v2\/types\/post"}],"author":[{"embeddable":true,"href":"https:\/\/nvnoticias.mx\/index.php\/wp-json\/wp\/v2\/users\/35"}],"replies":[{"embeddable":true,"href":"https:\/\/nvnoticias.mx\/index.php\/wp-json\/wp\/v2\/comments?post=109872"}],"version-history":[{"count":1,"href":"https:\/\/nvnoticias.mx\/index.php\/wp-json\/wp\/v2\/posts\/109872\/revisions"}],"predecessor-version":[{"id":109873,"href":"https:\/\/nvnoticias.mx\/index.php\/wp-json\/wp\/v2\/posts\/109872\/revisions\/109873"}],"wp:featuredmedia":[{"embeddable":true,"href":"https:\/\/nvnoticias.mx\/index.php\/wp-json\/wp\/v2\/media\/92081"}],"wp:attachment":[{"href":"https:\/\/nvnoticias.mx\/index.php\/wp-json\/wp\/v2\/media?parent=109872"}],"wp:term":[{"taxonomy":"category","embeddable":true,"href":"https:\/\/nvnoticias.mx\/index.php\/wp-json\/wp\/v2\/categories?post=109872"},{"taxonomy":"post_tag","embeddable":true,"href":"https:\/\/nvnoticias.mx\/index.php\/wp-json\/wp\/v2\/tags?post=109872"}],"curies":[{"name":"wp","href":"https:\/\/api.w.org\/{rel}","templated":true}]}}