{"id":109834,"date":"2023-06-09T12:58:27","date_gmt":"2023-06-09T17:58:27","guid":{"rendered":"https:\/\/nvnoticias.mx\/?p=109834"},"modified":"2023-06-09T12:58:28","modified_gmt":"2023-06-09T17:58:28","slug":"por-iniciar-instalacion-de-gradas-tambien-definiran-la-figura-de-la-quema-del-mal-humor","status":"publish","type":"post","link":"https:\/\/nvnoticias.mx\/index.php\/2023\/06\/09\/por-iniciar-instalacion-de-gradas-tambien-definiran-la-figura-de-la-quema-del-mal-humor\/","title":{"rendered":"Por iniciar instalaci\u00f3n de gradas; tambi\u00e9n definir\u00e1n la figura de la quema del mal humor"},"content":{"rendered":"\n<p><strong>Jes\u00fas Utrilla \/ NV Noticias <\/strong><\/p>\n\n\n\n<p>Este fin de semana comenzar\u00e1 la instalaci\u00f3n de las gradas del Carnaval de Veracruz 2023, adem\u00e1s hay  cuatro propuestas para la quema del mal humor, se\u00f1al\u00f3 el presidente del Comit\u00e9 Organizador, Luis Antonio P\u00e9rez Fraga. Asimismo el domingo ser\u00e1 el papaqui de la colonia Carranza, en Boca del R\u00edo. <\/p>\n\n\n\n<blockquote class=\"wp-block-quote is-layout-flow wp-block-quote-is-layout-flow\"><p><em>\u201cEl domingo tenemos el papaqui de la Carranza, con tres carros aleg\u00f3ricos y con tres agrupaciones por cada una de las tres asociaciones de comparsas, batucadas y bastoneras\u201d.<\/em><\/p><\/blockquote>\n\n\n\n<p>Para la quema del mal humor hay cuatro propuestas entre ellas: la violencia animal, violencia de g\u00e9nero, la inflaci\u00f3n y una m\u00e1s. <\/p>\n\n\n\n<p>La quema se realizar\u00e1 en el z\u00f3calo de la ciudad de Veracruz, as\u00ed como el entierro de Juan Carnaval. El resto de los eventos ser\u00e1 en la macroplaza del malec\u00f3n.<\/p>\n\n\n\n<blockquote class=\"wp-block-quote is-layout-flow wp-block-quote-is-layout-flow\"><p><em>\u201cTenemos que decidirlo a m\u00e1s tardar la semana que entra para que comience a hacerse la figura tradicional que hace Faustino, que es el artesano que a\u00f1o con a\u00f1o desde hace 35 a\u00f1os hace la figura del mal humor\u201d.<\/em><\/p><\/blockquote>\n\n\n\n<p>En esta ocasi\u00f3n se pondr\u00e1 nombre a las figuras monumentales: el pel\u00edcano se llamar\u00e1 Pancho y la tortuga Zoila. <\/p>\n\n\n\n<p>Tambi\u00e9n desfilar\u00e1 una ballena azul. Se ten\u00eda contemplada una sirena pero no podr\u00e1 ir en gr\u00faa por lo que podr\u00e1 apreciarse arriba de un carro aleg\u00f3rico. <\/p>\n","protected":false},"excerpt":{"rendered":"<p>Jes\u00fas Utrilla \/ NV Noticias Este fin de semana comenzar\u00e1 la instalaci\u00f3n de las gradas del Carnaval de Veracruz 2023, adem\u00e1s hay cuatro propuestas para la quema del mal humor, se\u00f1al\u00f3 el presidente del Comit\u00e9 Organizador, Luis Antonio P\u00e9rez Fraga. Asimismo el domingo ser\u00e1 el papaqui de la colonia Carranza, en Boca del R\u00edo. \u201cEl [&hellip;]<\/p>\n","protected":false},"author":8,"featured_media":61487,"comment_status":"open","ping_status":"open","sticky":false,"template":"","format":"standard","meta":{"_monsterinsights_skip_tracking":false,"_monsterinsights_sitenote_active":false,"_monsterinsights_sitenote_note":"","_monsterinsights_sitenote_category":0,"footnotes":""},"categories":[154],"tags":[1138,1285],"class_list":["post-109834","post","type-post","status-publish","format-standard","has-post-thumbnail","hentry","category-veracruz","tag-carnaval-de-veracruz","tag-quema-del-mal-humor","wp-image-borders"],"amp_enabled":true,"_links":{"self":[{"href":"https:\/\/nvnoticias.mx\/index.php\/wp-json\/wp\/v2\/posts\/109834","targetHints":{"allow":["GET"]}}],"collection":[{"href":"https:\/\/nvnoticias.mx\/index.php\/wp-json\/wp\/v2\/posts"}],"about":[{"href":"https:\/\/nvnoticias.mx\/index.php\/wp-json\/wp\/v2\/types\/post"}],"author":[{"embeddable":true,"href":"https:\/\/nvnoticias.mx\/index.php\/wp-json\/wp\/v2\/users\/8"}],"replies":[{"embeddable":true,"href":"https:\/\/nvnoticias.mx\/index.php\/wp-json\/wp\/v2\/comments?post=109834"}],"version-history":[{"count":1,"href":"https:\/\/nvnoticias.mx\/index.php\/wp-json\/wp\/v2\/posts\/109834\/revisions"}],"predecessor-version":[{"id":109835,"href":"https:\/\/nvnoticias.mx\/index.php\/wp-json\/wp\/v2\/posts\/109834\/revisions\/109835"}],"wp:featuredmedia":[{"embeddable":true,"href":"https:\/\/nvnoticias.mx\/index.php\/wp-json\/wp\/v2\/media\/61487"}],"wp:attachment":[{"href":"https:\/\/nvnoticias.mx\/index.php\/wp-json\/wp\/v2\/media?parent=109834"}],"wp:term":[{"taxonomy":"category","embeddable":true,"href":"https:\/\/nvnoticias.mx\/index.php\/wp-json\/wp\/v2\/categories?post=109834"},{"taxonomy":"post_tag","embeddable":true,"href":"https:\/\/nvnoticias.mx\/index.php\/wp-json\/wp\/v2\/tags?post=109834"}],"curies":[{"name":"wp","href":"https:\/\/api.w.org\/{rel}","templated":true}]}}