{"id":109827,"date":"2023-06-09T12:37:21","date_gmt":"2023-06-09T17:37:21","guid":{"rendered":"https:\/\/nvnoticias.mx\/?p=109827"},"modified":"2023-06-09T12:37:22","modified_gmt":"2023-06-09T17:37:22","slug":"las-gradas-del-carnaval-de-veracruz-2023-costaran-100-pesos-el-fin-de-semana","status":"publish","type":"post","link":"https:\/\/nvnoticias.mx\/index.php\/2023\/06\/09\/las-gradas-del-carnaval-de-veracruz-2023-costaran-100-pesos-el-fin-de-semana\/","title":{"rendered":"Las gradas del Carnaval de Veracruz 2023 costar\u00e1n 100 pesos el fin de semana"},"content":{"rendered":"\n<p><strong>Jes\u00fas Utrilla \/ NV Noticias <\/strong><\/p>\n\n\n\n<p>Las gradas del Carnaval de Veracruz 2023 costar\u00e1n lo mismo que el a\u00f1o pasado, se\u00f1al\u00f3 la alcaldesa Patricia Lobeira.<\/p>\n\n\n\n<p>La propuesta ser\u00e1 presentada ante Cabildo para que se vote a favor y se manejen los mismos precios del a\u00f1o pasado, es decir, 100 pesos por persona para los desfiles del s\u00e1bado y domingo de fiesta y para lunes y martes costar\u00e1n 30 pesos. <\/p>\n\n\n\n<blockquote class=\"wp-block-quote is-layout-flow wp-block-quote-is-layout-flow\"><p><em>\u201cTodav\u00eda no lo establecemos en Cabildo, es lo del a\u00f1o pasado pero ya lo platicamos con los regidores, ya tenemos la propuesta y estoy segura que ellos estar\u00e1n de acuerdo en que siga en ese precio. Siempre tenemos un d\u00eda gratis que es el martes y ah\u00ed estaremos ofreci\u00e9ndolo para todas las familias que quieran ir a disfrutar de este Carnaval 2023\u201d.<\/em><\/p><\/blockquote>\n\n\n\n<p>El comit\u00e9 organizador present\u00f3 oficialmente a los integrantes de la Corte Real del Carnaval de Veracruz 2023. <\/p>\n\n\n\n<p>Recordaron que el domingo a partir de las 6 de la tarde se realizar\u00e1 el primer papaqui de Carnaval, en la colonia Carranza, en Boca del R\u00edo.<\/p>\n\n\n\n<p>Las fiestas se est\u00e1n promocionando en lugares cercanos y con destinos donde hay vuelos directos para que las personas asistan a partir del 29 de junio a disfrutar de la algarab\u00eda veracruzana.<\/p>\n\n\n\n<p>Las autoridades municipales confiaron en que los graderos no se inconformen con los precios y el d\u00eda gratuito, ya que el fin de semana habr\u00e1 una considerable afluencia de personas. <\/p>\n\n\n\n<p>Tan solo el a\u00f1o pasado fue 1.2 millones de personas que asistieron a los desfiles y les permite recuperar su inversi\u00f3n.<\/p>\n","protected":false},"excerpt":{"rendered":"<p>Jes\u00fas Utrilla \/ NV Noticias Las gradas del Carnaval de Veracruz 2023 costar\u00e1n lo mismo que el a\u00f1o pasado, se\u00f1al\u00f3 la alcaldesa Patricia Lobeira. La propuesta ser\u00e1 presentada ante Cabildo para que se vote a favor y se manejen los mismos precios del a\u00f1o pasado, es decir, 100 pesos por persona para los desfiles del [&hellip;]<\/p>\n","protected":false},"author":8,"featured_media":58519,"comment_status":"open","ping_status":"open","sticky":false,"template":"","format":"standard","meta":{"_monsterinsights_skip_tracking":false,"_monsterinsights_sitenote_active":false,"_monsterinsights_sitenote_note":"","_monsterinsights_sitenote_category":0,"footnotes":""},"categories":[154],"tags":[1138,13022],"class_list":["post-109827","post","type-post","status-publish","format-standard","has-post-thumbnail","hentry","category-veracruz","tag-carnaval-de-veracruz","tag-gradas","wp-image-borders"],"amp_enabled":true,"_links":{"self":[{"href":"https:\/\/nvnoticias.mx\/index.php\/wp-json\/wp\/v2\/posts\/109827","targetHints":{"allow":["GET"]}}],"collection":[{"href":"https:\/\/nvnoticias.mx\/index.php\/wp-json\/wp\/v2\/posts"}],"about":[{"href":"https:\/\/nvnoticias.mx\/index.php\/wp-json\/wp\/v2\/types\/post"}],"author":[{"embeddable":true,"href":"https:\/\/nvnoticias.mx\/index.php\/wp-json\/wp\/v2\/users\/8"}],"replies":[{"embeddable":true,"href":"https:\/\/nvnoticias.mx\/index.php\/wp-json\/wp\/v2\/comments?post=109827"}],"version-history":[{"count":1,"href":"https:\/\/nvnoticias.mx\/index.php\/wp-json\/wp\/v2\/posts\/109827\/revisions"}],"predecessor-version":[{"id":109829,"href":"https:\/\/nvnoticias.mx\/index.php\/wp-json\/wp\/v2\/posts\/109827\/revisions\/109829"}],"wp:featuredmedia":[{"embeddable":true,"href":"https:\/\/nvnoticias.mx\/index.php\/wp-json\/wp\/v2\/media\/58519"}],"wp:attachment":[{"href":"https:\/\/nvnoticias.mx\/index.php\/wp-json\/wp\/v2\/media?parent=109827"}],"wp:term":[{"taxonomy":"category","embeddable":true,"href":"https:\/\/nvnoticias.mx\/index.php\/wp-json\/wp\/v2\/categories?post=109827"},{"taxonomy":"post_tag","embeddable":true,"href":"https:\/\/nvnoticias.mx\/index.php\/wp-json\/wp\/v2\/tags?post=109827"}],"curies":[{"name":"wp","href":"https:\/\/api.w.org\/{rel}","templated":true}]}}