{"id":109809,"date":"2023-06-09T11:27:14","date_gmt":"2023-06-09T16:27:14","guid":{"rendered":"https:\/\/nvnoticias.mx\/?p=109809"},"modified":"2023-06-09T11:28:38","modified_gmt":"2023-06-09T16:28:38","slug":"trabajadores-del-sector-salud-acusan-intento-de-desestabilizar-la-autonomia-sindical","status":"publish","type":"post","link":"https:\/\/nvnoticias.mx\/index.php\/2023\/06\/09\/trabajadores-del-sector-salud-acusan-intento-de-desestabilizar-la-autonomia-sindical\/","title":{"rendered":"Trabajadores del sector salud acusan intento de desestabilizar la autonom\u00eda sindical"},"content":{"rendered":"\n<p><strong>Jes\u00fas Utrilla\u00a0\/ NV Noticias<\/strong><\/p>\n\n\n\n<p>Con el fin de desestabilizar la autonom\u00eda sindical y tener la cancha libre para realizar acciones en beneficio personal, se est\u00e1n llevando a cabo reuniones en lo \u201cobscurito\u201d, entre tres aspirantes a la dirigencia del sindicato de la salud, Secci\u00f3n 40, acusaron trabajadores del Hospital de Alta Especialidad de Veracruz. <\/p>\n\n\n\n<p>Se\u00f1alaron a la exlideresa Rosa Mar\u00eda Jacome Hern\u00e1ndez, Jessica Gabriela Vel\u00e1zquez y Tom\u00e1s Rosas Pichardo, quienes se reunieron en los \u00faltimos d\u00edas en \u00e9l Plaza Museo , en conjunto con Miguel Torres, Mara Luz, Martinez Pablo, Ali Navarrete, Jorge Fern\u00e1ndez, Abraham Flores, donde entre otros. <\/p>\n\n\n\n<p>Seg\u00fan los trabajadores se busca crear un sindicato independiente con el fin de obtener bases sindicales que por su antig\u00fcedad no les corresponde, en fin solo intereses personales.<\/p>\n\n\n\n<p>Acusaron que una de las personas que se pretende beneficiar con plaza tiene supuestamente una escuela de enfermer\u00eda donde ella imparte las clases, situaci\u00f3n de la cual ya hubo problemas, ya que la Secretar\u00eda de Salud, directamente el \u00e1rea de ense\u00f1anza detect\u00f3 que realizaba cursos y le suspendieron el negocio. <\/p>\n\n\n\n<p>Hay que recordar que Elizabeth Melquiades fue reelecta por cuatro a\u00f1os m\u00e1s.<\/p>\n","protected":false},"excerpt":{"rendered":"<p>Jes\u00fas Utrilla\u00a0\/ NV Noticias Con el fin de desestabilizar la autonom\u00eda sindical y tener la cancha libre para realizar acciones en beneficio personal, se est\u00e1n llevando a cabo reuniones en lo \u201cobscurito\u201d, entre tres aspirantes a la dirigencia del sindicato de la salud, Secci\u00f3n 40, acusaron trabajadores del Hospital de Alta Especialidad de Veracruz. Se\u00f1alaron [&hellip;]<\/p>\n","protected":false},"author":8,"featured_media":109812,"comment_status":"open","ping_status":"open","sticky":false,"template":"","format":"standard","meta":{"_monsterinsights_skip_tracking":false,"_monsterinsights_sitenote_active":false,"_monsterinsights_sitenote_note":"","_monsterinsights_sitenote_category":0,"footnotes":""},"categories":[154],"tags":[15893],"class_list":["post-109809","post","type-post","status-publish","format-standard","has-post-thumbnail","hentry","category-veracruz","tag-haev","wp-image-borders"],"amp_enabled":true,"_links":{"self":[{"href":"https:\/\/nvnoticias.mx\/index.php\/wp-json\/wp\/v2\/posts\/109809","targetHints":{"allow":["GET"]}}],"collection":[{"href":"https:\/\/nvnoticias.mx\/index.php\/wp-json\/wp\/v2\/posts"}],"about":[{"href":"https:\/\/nvnoticias.mx\/index.php\/wp-json\/wp\/v2\/types\/post"}],"author":[{"embeddable":true,"href":"https:\/\/nvnoticias.mx\/index.php\/wp-json\/wp\/v2\/users\/8"}],"replies":[{"embeddable":true,"href":"https:\/\/nvnoticias.mx\/index.php\/wp-json\/wp\/v2\/comments?post=109809"}],"version-history":[{"count":2,"href":"https:\/\/nvnoticias.mx\/index.php\/wp-json\/wp\/v2\/posts\/109809\/revisions"}],"predecessor-version":[{"id":109817,"href":"https:\/\/nvnoticias.mx\/index.php\/wp-json\/wp\/v2\/posts\/109809\/revisions\/109817"}],"wp:featuredmedia":[{"embeddable":true,"href":"https:\/\/nvnoticias.mx\/index.php\/wp-json\/wp\/v2\/media\/109812"}],"wp:attachment":[{"href":"https:\/\/nvnoticias.mx\/index.php\/wp-json\/wp\/v2\/media?parent=109809"}],"wp:term":[{"taxonomy":"category","embeddable":true,"href":"https:\/\/nvnoticias.mx\/index.php\/wp-json\/wp\/v2\/categories?post=109809"},{"taxonomy":"post_tag","embeddable":true,"href":"https:\/\/nvnoticias.mx\/index.php\/wp-json\/wp\/v2\/tags?post=109809"}],"curies":[{"name":"wp","href":"https:\/\/api.w.org\/{rel}","templated":true}]}}