{"id":109763,"date":"2023-06-08T19:39:20","date_gmt":"2023-06-09T00:39:20","guid":{"rendered":"https:\/\/nvnoticias.mx\/?p=109763"},"modified":"2023-06-08T19:39:21","modified_gmt":"2023-06-09T00:39:21","slug":"mejorismo-y-empeorismo","status":"publish","type":"post","link":"https:\/\/nvnoticias.mx\/index.php\/2023\/06\/08\/mejorismo-y-empeorismo\/","title":{"rendered":"\u201cMejorismo\u201d y \u201cempeorismo\u201d"},"content":{"rendered":"\n<p><strong>Juan Jos\u00e9 Rodr\u00edguez Prats<\/strong><\/p>\n\n\n\n<blockquote class=\"wp-block-quote is-layout-flow wp-block-quote-is-layout-flow\"><p><em>No seguir\u00e1s a la mayor\u00eda para hacer el mal, tal es la ense\u00f1anza que ya en los comienzos (\u00c9xodo 23:2) se da a los jueces que no traicionan su deber.<\/em><\/p><cite><strong>Gustavo Zagrebelsky<\/strong><\/cite><\/blockquote>\n\n\n\n<p>La clase pol\u00edtica mexicana padece un vaciamiento de ideas. La conferencia ma\u00f1anera del Presidente ha banalizado la deliberaci\u00f3n p\u00fablica, convirti\u00e9ndola en un escenario de farsa y manipulaci\u00f3n. Sus disertaciones son insustanciales, pero tienen alta repercusi\u00f3n por la soberbia sonoridad de su meg\u00e1fono.<\/p>\n\n\n\n<p>Dentro de las muchas clasificaciones de los partidos se ha distinguido a los llamados oposici\u00f3n leal y los antisistema.<\/p>\n\n\n\n<p>Los primeros acatan las leyes, aceptan participar en elecciones, forman grupos parlamentarios, hacen propuestas y en momentos dif\u00edciles, cuando el pa\u00eds est\u00e1 en crisis, dan preeminencia al inter\u00e9s nacional. Est\u00e1n conscientes de que el avance es paulatino, con base en reformas y de crear instituciones, as\u00ed como de concientizar ciudadanos. \u00c9sas fueron las ideas del PAN desde su fundaci\u00f3n y Manuel G\u00f3mez Mor\u00edn las sostuvo y defendi\u00f3. Tesis tambi\u00e9n de Carlos Castillo Peraza: el PAN no pretend\u00eda arribar al poder cuando \u00e9ste estuviera en ruinas. A esta posici\u00f3n ideol\u00f3gica se le denomin\u00f3 \u201cmejorista\u201d o bien, con palabras de los fundadores, \u201cbrega de eternidad\u201d.<\/p>\n\n\n\n<p>Los antisistema son subversivos del orden p\u00fablico, identifican a las normas jur\u00eddicas como burguesas. Nunca han logrado desechar la idea marxista de que la violencia es la real partera de los cambios y que no hay nada bueno que merezca ser preservado. Su lema es claro: a mayor deterioro del Estado de derecho y sus instituciones, mejores condiciones para concentrar el poder y, ya sin resistencia alguna, hacer cambios, aunque sin claridad sobre la consistencia de \u00e9stos. Un ejemplo es Morena, partido o movimiento en el poder. Son notorios los esfuerzos que ha emprendido en este prop\u00f3sito.<\/p>\n\n\n\n<p>De las muchas barbaridades que ha dicho y hecho el titular del Poder Ejecutivo federal es dif\u00edcil elegir cu\u00e1l es la peor. Una de las finalistas en ese concurso es una de las m\u00e1s recientes en su fallido intento de someter a la Suprema Corte de Justicia de la Naci\u00f3n: \u201cYa perdimos a la Corte, siempre hab\u00eda estado alejada del pueblo\u2026\u201d. Un desatino enorme: si la SCJN siempre ha desempe\u00f1ado ese papel, no hay nada qu\u00e9 rescatar. Es decir, no se pierde lo que no se tiene.<\/p>\n\n\n\n<p>El actual gobierno ha propuesto a cuatro de los 11 ministros. Dos de ellos, con perfil id\u00f3neo para el cargo, se comportan con lo que en la vida judicial se denomina \u201cobligada ingratitud\u201d. El jurista Zagrebelsky la define as\u00ed: \u201c\u2026el juez reci\u00e9n nombrado demuestra su independencia dando una opini\u00f3n distinta a la esperada por el presidente que lo hab\u00eda nombrado\u201d. Las otras dos, identificadas por sus relaciones personales y con compromisos de otra \u00edndole, simplemente acatan la consigna. El mismo jurista expresa: \u201cTodo puede resumirse en una frase: ser jueces, no transmisores\u201d. Ellas son lo segundo<\/p>\n\n\n\n<p>Me ha dejado de angustiar un posible triunfo de Morena en 2024 por una sencilla raz\u00f3n. La amenaza de darle continuidad a la Cuarta Transformaci\u00f3n es una baladronada demag\u00f3gica. No se puede prolongar lo que no existe. La tarea del pr\u00f3ximo gobierno consistir\u00e1 en resistir, recuperar, recomponer, reconstruir y s\u00famele algunas m\u00e1s. Me convence la definici\u00f3n de virtud pol\u00edtica del polit\u00f3logo James Q. Wilson: \u201cUnos h\u00e1bitos de actuaci\u00f3n moderada, en concreto, actuar con la debida contenci\u00f3n a los impulsos propios; la debida consideraci\u00f3n por los derechos de los dem\u00e1s y la razonable preocupaci\u00f3n por las consecuencias de largo plazo\u201d.<\/p>\n\n\n\n<p>Morena gobernar\u00e1 22 estados y la Ciudad de M\u00e9xico, aunque en la mayor\u00eda de ellos hay un gran malestar, lo cual da\u00f1ar\u00eda su preferencia electoral. Es indispensable preservar congresos y partidos, no hay democracia sin esas instituciones. Darles credibilidad, reposicionarlas con autoridad moral, con capacidad de toda \u00edndole y algunas cualidades m\u00e1s debe ser la prioridad. Al final, ya se ha confirmado que el \u201cmejorismo\u201d s\u00ed funciona.<\/p>\n\n\n\n<p><\/p>\n","protected":false},"excerpt":{"rendered":"<p>Juan Jos\u00e9 Rodr\u00edguez Prats No seguir\u00e1s a la mayor\u00eda para hacer el mal, tal es la ense\u00f1anza que ya en los comienzos (\u00c9xodo 23:2) se da a los jueces que no traicionan su deber. Gustavo Zagrebelsky La clase pol\u00edtica mexicana padece un vaciamiento de ideas. La conferencia ma\u00f1anera del Presidente ha banalizado la deliberaci\u00f3n p\u00fablica, [&hellip;]<\/p>\n","protected":false},"author":17,"featured_media":109764,"comment_status":"open","ping_status":"open","sticky":false,"template":"","format":"standard","meta":{"_monsterinsights_skip_tracking":false,"_monsterinsights_sitenote_active":false,"_monsterinsights_sitenote_note":"","_monsterinsights_sitenote_category":0,"footnotes":""},"categories":[614],"tags":[397],"class_list":["post-109763","post","type-post","status-publish","format-standard","has-post-thumbnail","hentry","category-politica-de-principios","tag-juan-jose-rodriguez-prats-2","wp-image-borders"],"amp_enabled":true,"_links":{"self":[{"href":"https:\/\/nvnoticias.mx\/index.php\/wp-json\/wp\/v2\/posts\/109763","targetHints":{"allow":["GET"]}}],"collection":[{"href":"https:\/\/nvnoticias.mx\/index.php\/wp-json\/wp\/v2\/posts"}],"about":[{"href":"https:\/\/nvnoticias.mx\/index.php\/wp-json\/wp\/v2\/types\/post"}],"author":[{"embeddable":true,"href":"https:\/\/nvnoticias.mx\/index.php\/wp-json\/wp\/v2\/users\/17"}],"replies":[{"embeddable":true,"href":"https:\/\/nvnoticias.mx\/index.php\/wp-json\/wp\/v2\/comments?post=109763"}],"version-history":[{"count":1,"href":"https:\/\/nvnoticias.mx\/index.php\/wp-json\/wp\/v2\/posts\/109763\/revisions"}],"predecessor-version":[{"id":109765,"href":"https:\/\/nvnoticias.mx\/index.php\/wp-json\/wp\/v2\/posts\/109763\/revisions\/109765"}],"wp:featuredmedia":[{"embeddable":true,"href":"https:\/\/nvnoticias.mx\/index.php\/wp-json\/wp\/v2\/media\/109764"}],"wp:attachment":[{"href":"https:\/\/nvnoticias.mx\/index.php\/wp-json\/wp\/v2\/media?parent=109763"}],"wp:term":[{"taxonomy":"category","embeddable":true,"href":"https:\/\/nvnoticias.mx\/index.php\/wp-json\/wp\/v2\/categories?post=109763"},{"taxonomy":"post_tag","embeddable":true,"href":"https:\/\/nvnoticias.mx\/index.php\/wp-json\/wp\/v2\/tags?post=109763"}],"curies":[{"name":"wp","href":"https:\/\/api.w.org\/{rel}","templated":true}]}}