{"id":109752,"date":"2023-06-08T17:33:46","date_gmt":"2023-06-08T22:33:46","guid":{"rendered":"https:\/\/nvnoticias.mx\/?p=109752"},"modified":"2023-06-08T17:33:46","modified_gmt":"2023-06-08T22:33:46","slug":"el-presidente-andres-manuel-lopez-obrador-visitara-alamo-este-fin-de-semana-manuel-huerta","status":"publish","type":"post","link":"https:\/\/nvnoticias.mx\/index.php\/2023\/06\/08\/el-presidente-andres-manuel-lopez-obrador-visitara-alamo-este-fin-de-semana-manuel-huerta\/","title":{"rendered":"El presidente Andr\u00e9s Manuel L\u00f3pez Obrador visitar\u00e1 \u00c1lamo este fin de semana: Manuel Huerta"},"content":{"rendered":"\n<p><strong>Jes\u00fas Utrilla \/ NV Noticias<\/strong><\/p>\n\n\n\n<p>El pr\u00f3ximo s\u00e1bado a las 6 de la tarde, el presidente Andr\u00e9s Manuel L\u00f3pez Obrador tiene previsto realizar una visita a \u00c1lamo, una localidad al norte del estado de Veracruz, con el objetivo de evaluar los programas sociales implementados en la zona.<\/p>\n\n\n\n<p>El delegado de programas del Bienestar, Manuel Huerta Ladr\u00f3n de Guevara, afirm\u00f3 que se est\u00e1 progresando de manera positiva al beneficiar a los grupos vulnerables.<\/p>\n\n\n\n<blockquote class=\"wp-block-quote is-layout-flow wp-block-quote-is-layout-flow\"><p>&#8220;<em>Hemos llevado a cabo este programa de vivienda y muchos otros en Tuxpan, Guti\u00e9rrez Zamora y otros 13 municipios, y ahora el presidente vendr\u00e1 a evaluar los programas sociales<\/em>&#8220;, coment\u00f3 el delegado.<\/p><\/blockquote>\n\n\n\n<p>Adem\u00e1s, asegur\u00f3 que en el presupuesto de 2024 se dar\u00e1 prioridad a los programas de bienestar social, con un enfoque especial en mejorar la bancarizaci\u00f3n y el funcionamiento de los Bancos del Bienestar, entre otras medidas.<\/p>\n\n\n\n<blockquote class=\"wp-block-quote is-layout-flow wp-block-quote-is-layout-flow\"><p><em>&#8220;Esto promueve la creaci\u00f3n de empleo, genera ingresos fiscales, estimula el consumo y permite implementar m\u00e1s programas sociales. Adem\u00e1s, es importante que la poblaci\u00f3n comprenda que estos programas son derechos y no meras d\u00e1divas<\/em>&#8220;, a\u00f1adi\u00f3.<\/p><\/blockquote>\n\n\n\n<p>Adem\u00e1s de \u00c1lamo, el presidente tambi\u00e9n tiene previsto visitar San Luis Potos\u00ed, Hidalgo, Veracruz (\u00c1lamo) y Puebla.<\/p>\n\n\n\n<p>Por otra parte, Manuel Huerta Ladr\u00f3n de Guevara asisti\u00f3 a la entrega de tarjetas del Programa Por Una Mejor Vivienda en Las Bajadas, un municipio de Veracruz, donde se benefici\u00f3 a 1,528 personas. Para otorgar este beneficio, se analizan factores como el nivel de marginaci\u00f3n y el rezago habitacional, lo que permite intervenir en \u00e1reas espec\u00edficas y realizar visitas domiciliarias.<\/p>\n","protected":false},"excerpt":{"rendered":"<p>Jes\u00fas Utrilla \/ NV Noticias El pr\u00f3ximo s\u00e1bado a las 6 de la tarde, el presidente Andr\u00e9s Manuel L\u00f3pez Obrador tiene previsto realizar una visita a \u00c1lamo, una localidad al norte del estado de Veracruz, con el objetivo de evaluar los programas sociales implementados en la zona. El delegado de programas del Bienestar, Manuel Huerta [&hellip;]<\/p>\n","protected":false},"author":8,"featured_media":109753,"comment_status":"open","ping_status":"open","sticky":false,"template":"","format":"standard","meta":{"_monsterinsights_skip_tracking":false,"_monsterinsights_sitenote_active":false,"_monsterinsights_sitenote_note":"","_monsterinsights_sitenote_category":0,"footnotes":""},"categories":[154],"tags":[2889,188,162],"class_list":["post-109752","post","type-post","status-publish","format-standard","has-post-thumbnail","hentry","category-veracruz","tag-alamo","tag-amlo","tag-portada","wp-image-borders"],"amp_enabled":true,"_links":{"self":[{"href":"https:\/\/nvnoticias.mx\/index.php\/wp-json\/wp\/v2\/posts\/109752","targetHints":{"allow":["GET"]}}],"collection":[{"href":"https:\/\/nvnoticias.mx\/index.php\/wp-json\/wp\/v2\/posts"}],"about":[{"href":"https:\/\/nvnoticias.mx\/index.php\/wp-json\/wp\/v2\/types\/post"}],"author":[{"embeddable":true,"href":"https:\/\/nvnoticias.mx\/index.php\/wp-json\/wp\/v2\/users\/8"}],"replies":[{"embeddable":true,"href":"https:\/\/nvnoticias.mx\/index.php\/wp-json\/wp\/v2\/comments?post=109752"}],"version-history":[{"count":1,"href":"https:\/\/nvnoticias.mx\/index.php\/wp-json\/wp\/v2\/posts\/109752\/revisions"}],"predecessor-version":[{"id":109754,"href":"https:\/\/nvnoticias.mx\/index.php\/wp-json\/wp\/v2\/posts\/109752\/revisions\/109754"}],"wp:featuredmedia":[{"embeddable":true,"href":"https:\/\/nvnoticias.mx\/index.php\/wp-json\/wp\/v2\/media\/109753"}],"wp:attachment":[{"href":"https:\/\/nvnoticias.mx\/index.php\/wp-json\/wp\/v2\/media?parent=109752"}],"wp:term":[{"taxonomy":"category","embeddable":true,"href":"https:\/\/nvnoticias.mx\/index.php\/wp-json\/wp\/v2\/categories?post=109752"},{"taxonomy":"post_tag","embeddable":true,"href":"https:\/\/nvnoticias.mx\/index.php\/wp-json\/wp\/v2\/tags?post=109752"}],"curies":[{"name":"wp","href":"https:\/\/api.w.org\/{rel}","templated":true}]}}