{"id":109737,"date":"2023-06-08T14:13:40","date_gmt":"2023-06-08T19:13:40","guid":{"rendered":"https:\/\/nvnoticias.mx\/?p=109737"},"modified":"2023-06-08T14:13:41","modified_gmt":"2023-06-08T19:13:41","slug":"tlalixcoyan-busca-disminuir-las-inundaciones-pide-obras-a-conagua","status":"publish","type":"post","link":"https:\/\/nvnoticias.mx\/index.php\/2023\/06\/08\/tlalixcoyan-busca-disminuir-las-inundaciones-pide-obras-a-conagua\/","title":{"rendered":"Tlalixcoyan busca disminuir las inundaciones; pide obras a Conagua"},"content":{"rendered":"\n<p><strong>Jes\u00fas Utrilla \/ NV Noticias<\/strong><\/p>\n\n\n\n<p>La Alcald\u00eda de Tlalixcoyan present\u00f3 una solicitud a la Comisi\u00f3n Nacional del Agua para llevar a cabo obras que ayuden a mitigar las inundaciones durante la pr\u00f3xima temporada de lluvias.<\/p>\n\n\n\n<p>Seg\u00fan Elvia Illescas Loyo, alcaldesa de Tlalixcoyan, se pidi\u00f3 la construcci\u00f3n de muros de contenci\u00f3n debido a la vulnerabilidad de aproximadamente 32 localidades en la zona.<\/p>\n\n\n\n<blockquote class=\"wp-block-quote is-layout-flow wp-block-quote-is-layout-flow\"><p>&#8220;<em>El a\u00f1o pasado contamos con el apoyo de Protecci\u00f3n Civil del Estado y del DIF Estatal. Se han planificado varios refugios en lugares estrat\u00e9gicos como El Molino, Piedras Negras y otros puntos donde se han establecido anualmente<\/em>&#8220;, afirm\u00f3 Loyo.<\/p><\/blockquote>\n\n\n\n<p>En 2017, 32 localidades se inundaron, y en 2022, hubo da\u00f1os en 22 localidades durante la temporada de lluvias. Por esta raz\u00f3n, a trav\u00e9s de la Direcci\u00f3n de Protecci\u00f3n Civil, se est\u00e1n tomando las medidas necesarias y se est\u00e1 trabajando con brigadas comunitarias para prevenir posibles afectaciones.<\/p>\n\n\n\n<p>Las comunidades en riesgo se encuentran junto al r\u00edo, como Laguna de El Cedral, el Papayal, Recreo Segundo, entre otras. Se est\u00e1n utilizando sacos de arena y tierra en las \u00e1reas que se vieron afectadas el a\u00f1o pasado.<\/p>\n\n\n\n<blockquote class=\"wp-block-quote is-layout-flow wp-block-quote-is-layout-flow\"><p>&#8220;<em>Todo se est\u00e1 realizando en coordinaci\u00f3n con la poblaci\u00f3n local. Hemos solicitado a la Conagua obras de mayor envergadura, y desde febrero hemos indicado los puntos que requieren atenci\u00f3n<\/em>&#8220;, a\u00f1adi\u00f3 Loyo.<\/p><\/blockquote>\n\n\n\n<p>El a\u00f1o pasado, alrededor de 1,400 familias resultaron afectadas, por lo que ya se est\u00e1n implementando medidas preventivas.<\/p>\n","protected":false},"excerpt":{"rendered":"<p>Jes\u00fas Utrilla \/ NV Noticias La Alcald\u00eda de Tlalixcoyan present\u00f3 una solicitud a la Comisi\u00f3n Nacional del Agua para llevar a cabo obras que ayuden a mitigar las inundaciones durante la pr\u00f3xima temporada de lluvias. Seg\u00fan Elvia Illescas Loyo, alcaldesa de Tlalixcoyan, se pidi\u00f3 la construcci\u00f3n de muros de contenci\u00f3n debido a la vulnerabilidad de [&hellip;]<\/p>\n","protected":false},"author":8,"featured_media":60364,"comment_status":"open","ping_status":"open","sticky":false,"template":"","format":"standard","meta":{"_monsterinsights_skip_tracking":false,"_monsterinsights_sitenote_active":false,"_monsterinsights_sitenote_note":"","_monsterinsights_sitenote_category":0,"footnotes":""},"categories":[154],"tags":[1576,1183,3540],"class_list":["post-109737","post","type-post","status-publish","format-standard","has-post-thumbnail","hentry","category-veracruz","tag-conagua","tag-inundaciones","tag-tlalixcoyan","wp-image-borders"],"amp_enabled":true,"_links":{"self":[{"href":"https:\/\/nvnoticias.mx\/index.php\/wp-json\/wp\/v2\/posts\/109737","targetHints":{"allow":["GET"]}}],"collection":[{"href":"https:\/\/nvnoticias.mx\/index.php\/wp-json\/wp\/v2\/posts"}],"about":[{"href":"https:\/\/nvnoticias.mx\/index.php\/wp-json\/wp\/v2\/types\/post"}],"author":[{"embeddable":true,"href":"https:\/\/nvnoticias.mx\/index.php\/wp-json\/wp\/v2\/users\/8"}],"replies":[{"embeddable":true,"href":"https:\/\/nvnoticias.mx\/index.php\/wp-json\/wp\/v2\/comments?post=109737"}],"version-history":[{"count":1,"href":"https:\/\/nvnoticias.mx\/index.php\/wp-json\/wp\/v2\/posts\/109737\/revisions"}],"predecessor-version":[{"id":109738,"href":"https:\/\/nvnoticias.mx\/index.php\/wp-json\/wp\/v2\/posts\/109737\/revisions\/109738"}],"wp:featuredmedia":[{"embeddable":true,"href":"https:\/\/nvnoticias.mx\/index.php\/wp-json\/wp\/v2\/media\/60364"}],"wp:attachment":[{"href":"https:\/\/nvnoticias.mx\/index.php\/wp-json\/wp\/v2\/media?parent=109737"}],"wp:term":[{"taxonomy":"category","embeddable":true,"href":"https:\/\/nvnoticias.mx\/index.php\/wp-json\/wp\/v2\/categories?post=109737"},{"taxonomy":"post_tag","embeddable":true,"href":"https:\/\/nvnoticias.mx\/index.php\/wp-json\/wp\/v2\/tags?post=109737"}],"curies":[{"name":"wp","href":"https:\/\/api.w.org\/{rel}","templated":true}]}}