{"id":109709,"date":"2023-06-08T11:43:29","date_gmt":"2023-06-08T16:43:29","guid":{"rendered":"https:\/\/nvnoticias.mx\/?p=109709"},"modified":"2023-06-08T11:43:31","modified_gmt":"2023-06-08T16:43:31","slug":"cambian-al-comandante-del-83-batallon-infanteria","status":"publish","type":"post","link":"https:\/\/nvnoticias.mx\/index.php\/2023\/06\/08\/cambian-al-comandante-del-83-batallon-infanteria\/","title":{"rendered":"Cambian al Comandante del 83 Batall\u00f3n Infanter\u00eda"},"content":{"rendered":"\n<p><strong>Jes\u00fas Utrilla | NV Noticias <\/strong><\/p>\n\n\n\n<p>Rindi\u00f3 protesta Rodrigo Medina Miranda como como Comandante del 83 Batall\u00f3n Infanter\u00eda.<\/p>\n\n\n\n<p>La ceremonia se llev\u00f3 a cabo en las instalaciones de La Boticaria, en Boca del R\u00edo, a donde acudieron los alcaldes de ese municipio, Juan Manuel Unanue Abascal; Patricia Lobeira Rodr\u00edguez, de Veracruz y Marcos Isle\u00f1o Andrade, de Medell\u00edn.<\/p>\n\n\n\n<p>Asisti\u00f3 Rub\u00e9n Zamudio Mat\u00edas comandante de la 26 zona Militar quien encabez\u00f3 el acto protocolario. El personal de oficiales se present\u00f3 con el nuevo comandante y se rindieron honores a la bandera.<\/p>\n\n\n\n<p>El Coronel de Infanter\u00eda, diplomado de Estado Mayor, Pedro Hern\u00e1ndez Bernal, fue cambiado de adscripci\u00f3n. En su lugar se asign\u00f3 al Coronel de Infanter\u00eda, Rodrigo Medina Miranda.<\/p>\n\n\n\n<p>Se desempe\u00f1aba al frente del 50 batall\u00f3n de infanter\u00eda la 35 Zona Militar en Guerrero, mismo que ser\u00e1 cambiado de adscripci\u00f3n con sede en Veracruz-Boca del R\u00edo.<\/p>\n\n\n\n<p>Cabe mencionar que fue el 16 de agosto de 2022, cuando se dio a conocer la designaci\u00f3n del Coronel de Infanter\u00eda, diplomado de Estado Mayor, Pedro Hern\u00e1ndez Bernal, quien tomaba protesta ante el General de Brigada diplomado de Estado Mayor, Jos\u00e9 Francisco Camarena Hern\u00e1ndez, comandante de la 26 Zona Militar en Veracruz.<\/p>\n","protected":false},"excerpt":{"rendered":"<p>Jes\u00fas Utrilla | NV Noticias Rindi\u00f3 protesta Rodrigo Medina Miranda como como Comandante del 83 Batall\u00f3n Infanter\u00eda. La ceremonia se llev\u00f3 a cabo en las instalaciones de La Boticaria, en Boca del R\u00edo, a donde acudieron los alcaldes de ese municipio, Juan Manuel Unanue Abascal; Patricia Lobeira Rodr\u00edguez, de Veracruz y Marcos Isle\u00f1o Andrade, de [&hellip;]<\/p>\n","protected":false},"author":35,"featured_media":109710,"comment_status":"open","ping_status":"open","sticky":false,"template":"","format":"standard","meta":{"_monsterinsights_skip_tracking":false,"_monsterinsights_sitenote_active":false,"_monsterinsights_sitenote_note":"","_monsterinsights_sitenote_category":0,"footnotes":""},"categories":[154],"tags":[25669,15563,16691,162],"class_list":["post-109709","post","type-post","status-publish","format-standard","has-post-thumbnail","hentry","category-veracruz","tag-83-batallon-infanteria","tag-cambian","tag-comandante","tag-portada","wp-image-borders"],"amp_enabled":true,"_links":{"self":[{"href":"https:\/\/nvnoticias.mx\/index.php\/wp-json\/wp\/v2\/posts\/109709","targetHints":{"allow":["GET"]}}],"collection":[{"href":"https:\/\/nvnoticias.mx\/index.php\/wp-json\/wp\/v2\/posts"}],"about":[{"href":"https:\/\/nvnoticias.mx\/index.php\/wp-json\/wp\/v2\/types\/post"}],"author":[{"embeddable":true,"href":"https:\/\/nvnoticias.mx\/index.php\/wp-json\/wp\/v2\/users\/35"}],"replies":[{"embeddable":true,"href":"https:\/\/nvnoticias.mx\/index.php\/wp-json\/wp\/v2\/comments?post=109709"}],"version-history":[{"count":1,"href":"https:\/\/nvnoticias.mx\/index.php\/wp-json\/wp\/v2\/posts\/109709\/revisions"}],"predecessor-version":[{"id":109711,"href":"https:\/\/nvnoticias.mx\/index.php\/wp-json\/wp\/v2\/posts\/109709\/revisions\/109711"}],"wp:featuredmedia":[{"embeddable":true,"href":"https:\/\/nvnoticias.mx\/index.php\/wp-json\/wp\/v2\/media\/109710"}],"wp:attachment":[{"href":"https:\/\/nvnoticias.mx\/index.php\/wp-json\/wp\/v2\/media?parent=109709"}],"wp:term":[{"taxonomy":"category","embeddable":true,"href":"https:\/\/nvnoticias.mx\/index.php\/wp-json\/wp\/v2\/categories?post=109709"},{"taxonomy":"post_tag","embeddable":true,"href":"https:\/\/nvnoticias.mx\/index.php\/wp-json\/wp\/v2\/tags?post=109709"}],"curies":[{"name":"wp","href":"https:\/\/api.w.org\/{rel}","templated":true}]}}