{"id":109696,"date":"2023-06-08T11:20:11","date_gmt":"2023-06-08T16:20:11","guid":{"rendered":"https:\/\/nvnoticias.mx\/?p=109696"},"modified":"2023-06-08T11:20:11","modified_gmt":"2023-06-08T16:20:11","slug":"se-traslada-fiscalia-de-cdmx-a-hidalgo-para-confirmar-paradero-de-ricardo-ofarrill","status":"publish","type":"post","link":"https:\/\/nvnoticias.mx\/index.php\/2023\/06\/08\/se-traslada-fiscalia-de-cdmx-a-hidalgo-para-confirmar-paradero-de-ricardo-ofarrill\/","title":{"rendered":"Se traslada Fiscal\u00eda de CDMX a Hidalgo para confirmar paradero de Ricardo O&#8217;Farrill"},"content":{"rendered":"\n<p>La Fiscal\u00eda General de Justicia de la Ciudad de M\u00e9xico (<strong>FGJCDMX<\/strong>) inform\u00f3 que el comediante&nbsp;<strong>Ricardo O&#8217;Farrill<\/strong> se encuentra en&nbsp;<strong>Hidalgo<\/strong>, por lo que se trasladan al sitio para confirmar su ubicaci\u00f3n.<\/p>\n\n\n\n<p>Por medio de&nbsp;<strong>Twitter<\/strong>, la dependencia notific\u00f3 que familiares del comediante pidieron dar de baja su b\u00fasqueda.<\/p>\n\n\n\n<blockquote class=\"wp-block-quote is-layout-flow wp-block-quote-is-layout-flow\"><p>&#8220;Con relaci\u00f3n a la ausencia de la persona referida, la #FiscaliaCDMX informa que recibi\u00f3 documentaci\u00f3n, de parte de familiares y abogados, que solicita dar de baja su b\u00fasqueda y establece su ubicaci\u00f3n en Hidalgo. Personal de la instituci\u00f3n se traslada al lugar para confirmarlo&#8221;, se lee en el tuit.<\/p><\/blockquote>\n\n\n\n<p>De igual manera se present\u00f3 la documentaci\u00f3n necesaria que avala que el comediante, podr\u00eda estar en un &#8220;<strong>anexo<\/strong>&#8221; del estado de Hidalgo.<\/p>\n\n\n\n<p>Fuente: <a href=\"https:\/\/www.eluniversal.com.mx\/tendencias\/ricardo-ofarrill-ubican-al-standupero-en-hidalgo-fiscalia-de-cdmx-se-traslada-al-lugar\/?fbclid=IwAR2LBl_gdPlMHnEUuq2tn3HDPKpPu2JFeB0i00wXErkCdDv9wfy0XOsh8tQ\" data-type=\"URL\" data-id=\"https:\/\/www.eluniversal.com.mx\/tendencias\/ricardo-ofarrill-ubican-al-standupero-en-hidalgo-fiscalia-de-cdmx-se-traslada-al-lugar\/?fbclid=IwAR2LBl_gdPlMHnEUuq2tn3HDPKpPu2JFeB0i00wXErkCdDv9wfy0XOsh8tQ\">El Universal<\/a> <\/p>\n","protected":false},"excerpt":{"rendered":"<p>La Fiscal\u00eda General de Justicia de la Ciudad de M\u00e9xico (FGJCDMX) inform\u00f3 que el comediante&nbsp;Ricardo O&#8217;Farrill se encuentra en&nbsp;Hidalgo, por lo que se trasladan al sitio para confirmar su ubicaci\u00f3n. Por medio de&nbsp;Twitter, la dependencia notific\u00f3 que familiares del comediante pidieron dar de baja su b\u00fasqueda. &#8220;Con relaci\u00f3n a la ausencia de la persona referida, [&hellip;]<\/p>\n","protected":false},"author":35,"featured_media":107164,"comment_status":"open","ping_status":"open","sticky":false,"template":"","format":"standard","meta":{"_monsterinsights_skip_tracking":false,"_monsterinsights_sitenote_active":false,"_monsterinsights_sitenote_note":"","_monsterinsights_sitenote_category":0,"footnotes":""},"categories":[576],"tags":[14272,2193,25128],"class_list":["post-109696","post","type-post","status-publish","format-standard","has-post-thumbnail","hentry","category-ocio","tag-fiscalia-cdmx","tag-hidalgo","tag-ricardo-ofarril","wp-image-borders"],"amp_enabled":true,"_links":{"self":[{"href":"https:\/\/nvnoticias.mx\/index.php\/wp-json\/wp\/v2\/posts\/109696","targetHints":{"allow":["GET"]}}],"collection":[{"href":"https:\/\/nvnoticias.mx\/index.php\/wp-json\/wp\/v2\/posts"}],"about":[{"href":"https:\/\/nvnoticias.mx\/index.php\/wp-json\/wp\/v2\/types\/post"}],"author":[{"embeddable":true,"href":"https:\/\/nvnoticias.mx\/index.php\/wp-json\/wp\/v2\/users\/35"}],"replies":[{"embeddable":true,"href":"https:\/\/nvnoticias.mx\/index.php\/wp-json\/wp\/v2\/comments?post=109696"}],"version-history":[{"count":5,"href":"https:\/\/nvnoticias.mx\/index.php\/wp-json\/wp\/v2\/posts\/109696\/revisions"}],"predecessor-version":[{"id":109701,"href":"https:\/\/nvnoticias.mx\/index.php\/wp-json\/wp\/v2\/posts\/109696\/revisions\/109701"}],"wp:featuredmedia":[{"embeddable":true,"href":"https:\/\/nvnoticias.mx\/index.php\/wp-json\/wp\/v2\/media\/107164"}],"wp:attachment":[{"href":"https:\/\/nvnoticias.mx\/index.php\/wp-json\/wp\/v2\/media?parent=109696"}],"wp:term":[{"taxonomy":"category","embeddable":true,"href":"https:\/\/nvnoticias.mx\/index.php\/wp-json\/wp\/v2\/categories?post=109696"},{"taxonomy":"post_tag","embeddable":true,"href":"https:\/\/nvnoticias.mx\/index.php\/wp-json\/wp\/v2\/tags?post=109696"}],"curies":[{"name":"wp","href":"https:\/\/api.w.org\/{rel}","templated":true}]}}