{"id":10966,"date":"2021-04-14T17:37:49","date_gmt":"2021-04-14T22:37:49","guid":{"rendered":"https:\/\/nvnoticias.mx\/?p=10966"},"modified":"2021-04-14T17:55:26","modified_gmt":"2021-04-14T22:55:26","slug":"sancionaran-fabrica-galletas-cuetara-derrame-sustancias-grasosas","status":"publish","type":"post","link":"https:\/\/nvnoticias.mx\/index.php\/2021\/04\/14\/sancionaran-fabrica-galletas-cuetara-derrame-sustancias-grasosas\/","title":{"rendered":"Sancionar\u00e1n a la f\u00e1brica de Galletas Cu\u00e9tara por derrame de sustancias grasosas"},"content":{"rendered":"\n<p><strong>Jes\u00fas Utrilla \/ NV Noticias<\/strong><\/p>\n\n\n\n<p>Veracruz.- Autoridades del medio ambiente supervisaron a la f\u00e1brica de Galletas Cu\u00e9tara para sancionarla por el derrame de sustancias grasosas a la v\u00eda p\u00fablica.<\/p>\n\n\n\n<p>Al lugar llegaron elementos de la&nbsp; Direcci\u00f3n del Medio Ambiente y Protecci\u00f3n Animal del Ayuntamiento de Veracruz y Grupo M\u00c1S.<\/p>\n\n\n\n<p>Jos\u00e9 \u00c1ngel Capetillo Victoriano, director de la dependencia municipal, explic\u00f3 que recibieron el reporte de contaminaci\u00f3n por parte de Grupo MAS y de los ciudadanos de la zona, sobre el derrame de aceite o sustancia de manejo especial, hacia la v\u00eda p\u00fablica.<\/p>\n\n\n\n<p>En la supervisi\u00f3n se constat\u00f3 que se trata de descarga de grasa, que pudiera haberse ocupado al interior de la empresa.<\/p>\n\n\n\n<p>Se revisaron los ductos del drenaje y tambi\u00e9n la zona de producci\u00f3n para constatar la disposici\u00f3n de los residuos.<\/p>\n\n\n\n<p>Se corroborar\u00e1 cada una de las faltas cometidas en cuanto al manejo de residuos y la empresa deber\u00e1 comprobar que se cumple con el Reglamento Municipal de Equilibrio Ecol\u00f3gico.<\/p>\n\n\n\n<p>De acuerdo a los resultados de la inspecci\u00f3n la compa\u00f1\u00eda podr\u00eda recaer en un procedimiento administrativo que a su vez podr\u00eda concluir en una sanci\u00f3n administrativa.<\/p>\n\n\n\n<p>Esto es, medidas cautelares como clausuras parciales o totales.<\/p>\n\n\n\n<p>El funcionario municipal se\u00f1al\u00f3 que se podr\u00eda tambi\u00e9n dar vista a la Fiscal\u00eda Especializada en Delitos Ambientales y contra los Animales, para que haga lo que corresponda a su \u00e1mbito de competencia.<\/p>\n","protected":false},"excerpt":{"rendered":"<p>Jes\u00fas Utrilla \/ NV Noticias Veracruz.- Autoridades del medio ambiente supervisaron a la f\u00e1brica de Galletas Cu\u00e9tara para sancionarla por el derrame de sustancias grasosas a la v\u00eda p\u00fablica. Al lugar llegaron elementos de la&nbsp; Direcci\u00f3n del Medio Ambiente y Protecci\u00f3n Animal del Ayuntamiento de Veracruz y Grupo M\u00c1S. Jos\u00e9 \u00c1ngel Capetillo Victoriano, director de [&hellip;]<\/p>\n","protected":false},"author":7,"featured_media":10967,"comment_status":"open","ping_status":"open","sticky":false,"template":"","format":"standard","meta":{"_monsterinsights_skip_tracking":false,"_monsterinsights_sitenote_active":false,"_monsterinsights_sitenote_note":"","_monsterinsights_sitenote_category":0,"footnotes":""},"categories":[154],"tags":[3031,3029,3028,162,3030],"class_list":["post-10966","post","type-post","status-publish","format-standard","has-post-thumbnail","hentry","category-veracruz","tag-derrame","tag-fabrica","tag-galletera","tag-portada","tag-sancion","wp-image-borders"],"amp_enabled":true,"_links":{"self":[{"href":"https:\/\/nvnoticias.mx\/index.php\/wp-json\/wp\/v2\/posts\/10966","targetHints":{"allow":["GET"]}}],"collection":[{"href":"https:\/\/nvnoticias.mx\/index.php\/wp-json\/wp\/v2\/posts"}],"about":[{"href":"https:\/\/nvnoticias.mx\/index.php\/wp-json\/wp\/v2\/types\/post"}],"author":[{"embeddable":true,"href":"https:\/\/nvnoticias.mx\/index.php\/wp-json\/wp\/v2\/users\/7"}],"replies":[{"embeddable":true,"href":"https:\/\/nvnoticias.mx\/index.php\/wp-json\/wp\/v2\/comments?post=10966"}],"version-history":[{"count":2,"href":"https:\/\/nvnoticias.mx\/index.php\/wp-json\/wp\/v2\/posts\/10966\/revisions"}],"predecessor-version":[{"id":10970,"href":"https:\/\/nvnoticias.mx\/index.php\/wp-json\/wp\/v2\/posts\/10966\/revisions\/10970"}],"wp:featuredmedia":[{"embeddable":true,"href":"https:\/\/nvnoticias.mx\/index.php\/wp-json\/wp\/v2\/media\/10967"}],"wp:attachment":[{"href":"https:\/\/nvnoticias.mx\/index.php\/wp-json\/wp\/v2\/media?parent=10966"}],"wp:term":[{"taxonomy":"category","embeddable":true,"href":"https:\/\/nvnoticias.mx\/index.php\/wp-json\/wp\/v2\/categories?post=10966"},{"taxonomy":"post_tag","embeddable":true,"href":"https:\/\/nvnoticias.mx\/index.php\/wp-json\/wp\/v2\/tags?post=10966"}],"curies":[{"name":"wp","href":"https:\/\/api.w.org\/{rel}","templated":true}]}}