{"id":109637,"date":"2023-06-08T08:11:02","date_gmt":"2023-06-08T13:11:02","guid":{"rendered":"https:\/\/nvnoticias.mx\/?p=109637"},"modified":"2023-06-08T08:11:02","modified_gmt":"2023-06-08T13:11:02","slug":"explota-hija-de-hector-parra-en-redes-contra-sergio-mayer-y-el-gobierno-de-la-cdmx","status":"publish","type":"post","link":"https:\/\/nvnoticias.mx\/index.php\/2023\/06\/08\/explota-hija-de-hector-parra-en-redes-contra-sergio-mayer-y-el-gobierno-de-la-cdmx\/","title":{"rendered":"Explota hija de H\u00e9ctor Parra en redes contra Sergio Mayer y el gobierno de la CDMX"},"content":{"rendered":"\n<p>La vida de&nbsp;H\u00e9ctor Parra&nbsp;cambi\u00f3 dr\u00e1sticamente en 2021, cuando su hija<strong>, Alexa Hoffman<\/strong>, decidi\u00f3 hacer p\u00fablico el&nbsp;<strong>presunto abuso&nbsp;<\/strong>que habr\u00eda vivido a manos del actor. La joven y su madre,<strong>&nbsp;Ginny Hoffman<\/strong>, dieron a conocer el caso a trav\u00e9s de una revista de circulaci\u00f3n nacional, donde dieron detalles muy precisos de la supuesta agresi\u00f3n; y posteriormente acudieron a las autoridades para levantar una denuncia que termin\u00f3 con la aprehensi\u00f3n y traslado de Parra al Reclusorio Oriente.<\/p>\n\n\n\n<p>Despu\u00e9s de casi dos a\u00f1os de investigaciones y un largo proceso penal, el histri\u00f3n fue absuelto de los cargos de abuso, pero se le impuso una pena de 1<strong>0 a\u00f1os y seis meses de prisi\u00f3n<\/strong>&nbsp;por los se\u00f1alamientos de corrupci\u00f3n, adem\u00e1s de una multa de 200 mil pesos que tendr\u00e1 que pagar.<\/p>\n\n\n\n<p>Aunque el caso dividi\u00f3 la opini\u00f3n p\u00fablica, desde el momento uno Parra cont\u00f3 con el apoyo total de una persona, quien jam\u00e1s puso en duda su presunta inocencia y que, hasta el d\u00eda de hoy sigue empe\u00f1ada en demostrarla: su hija&nbsp;Daniela Parra. La joven de 25 a\u00f1os de edad ha hecho de todo con el \u00fanico prop\u00f3sito de ver libre a su padre, desde iniciar una marcha en su nombre, hasta pelearse y arremeter con varias personalidades, incluyendo al exdiputado federal,&nbsp;<strong>Sergio Mayer,<\/strong>&nbsp;quien se dijo habr\u00eda cometido tr\u00e1fico de influencias en el juicio de Parra.<\/p>\n\n\n\n<p>A lo largo de todo este tiempo, Daniela y Sergio han protagonizado una serie de dimes y diretes, pues contrario a la jovencita, Sergio est\u00e1 convencido de la culpabilidad de Parra; incluso colabor\u00f3 con Alexa para levantar su denuncia. La situaci\u00f3n del actor contin\u00faa siendo pol\u00e9mica, es por ello que ahora que forma parte de &#8220;La casa de los famosos&#8221;, Mayer no ha dudado en tocar el tema y durante una pl\u00e1tica que tuvo con el resto de sus compa\u00f1eros, volvi\u00f3 a negar el supuesto tr\u00e1fico de influencias del que fue acusado: &#8220;Con tal de hacerme da\u00f1o a m\u00ed, desacreditaron la versi\u00f3n de la v\u00edctima, de la menor edad de la v\u00edctima con tal de chingarme a m\u00ed, porque me levantaron una denuncia por tr\u00e1fico de influencias lo cual nunca procedi\u00f3\u201d, dijo.<\/p>\n\n\n\n<p>Estas declaraciones no solo llegaron hasta los televidentes del reality, tambi\u00e9n a los o\u00eddos de Daniela, quien a trav\u00e9s de las redes sociales habr\u00eda mandando una indirecta al exGaribaldi a modo de contestaci\u00f3n: &#8220;Qu\u00e9 asco, hasta donde llegan algunos personajes&#8221;, escribi\u00f3.<\/p>\n\n\n\n<p>Pero Mayer no fue el \u00fanico que caus\u00f3 la furia de la jovencita y es que, en un nuevo mensaje que comparti\u00f3 en Twitter, arremeti\u00f3 contra el Gobierno capitalino por las supuestas irregularidades que han existido en el caso de su pap\u00e1.<\/p>\n\n\n\n<p>Fuente: <a href=\"https:\/\/www.eluniversal.com.mx\/espectaculos\/daniela-parra-explota-en-redes-contra-sergio-mayer-y-claudia-sheinbaum\/\" data-type=\"URL\" data-id=\"https:\/\/www.eluniversal.com.mx\/espectaculos\/daniela-parra-explota-en-redes-contra-sergio-mayer-y-claudia-sheinbaum\/\">El Universal<\/a> <\/p>\n","protected":false},"excerpt":{"rendered":"<p>La vida de&nbsp;H\u00e9ctor Parra&nbsp;cambi\u00f3 dr\u00e1sticamente en 2021, cuando su hija, Alexa Hoffman, decidi\u00f3 hacer p\u00fablico el&nbsp;presunto abuso&nbsp;que habr\u00eda vivido a manos del actor. La joven y su madre,&nbsp;Ginny Hoffman, dieron a conocer el caso a trav\u00e9s de una revista de circulaci\u00f3n nacional, donde dieron detalles muy precisos de la supuesta agresi\u00f3n; y posteriormente acudieron a [&hellip;]<\/p>\n","protected":false},"author":35,"featured_media":108021,"comment_status":"open","ping_status":"open","sticky":false,"template":"","format":"standard","meta":{"_monsterinsights_skip_tracking":false,"_monsterinsights_sitenote_active":false,"_monsterinsights_sitenote_note":"","_monsterinsights_sitenote_category":0,"footnotes":""},"categories":[576],"tags":[7346,8902,15427,9309,5327],"class_list":["post-109637","post","type-post","status-publish","format-standard","has-post-thumbnail","hentry","category-ocio","tag-daniela-parra","tag-explota","tag-gobierno-de-cdmx","tag-redes","tag-sergio-mayer","wp-image-borders"],"amp_enabled":true,"_links":{"self":[{"href":"https:\/\/nvnoticias.mx\/index.php\/wp-json\/wp\/v2\/posts\/109637","targetHints":{"allow":["GET"]}}],"collection":[{"href":"https:\/\/nvnoticias.mx\/index.php\/wp-json\/wp\/v2\/posts"}],"about":[{"href":"https:\/\/nvnoticias.mx\/index.php\/wp-json\/wp\/v2\/types\/post"}],"author":[{"embeddable":true,"href":"https:\/\/nvnoticias.mx\/index.php\/wp-json\/wp\/v2\/users\/35"}],"replies":[{"embeddable":true,"href":"https:\/\/nvnoticias.mx\/index.php\/wp-json\/wp\/v2\/comments?post=109637"}],"version-history":[{"count":6,"href":"https:\/\/nvnoticias.mx\/index.php\/wp-json\/wp\/v2\/posts\/109637\/revisions"}],"predecessor-version":[{"id":109643,"href":"https:\/\/nvnoticias.mx\/index.php\/wp-json\/wp\/v2\/posts\/109637\/revisions\/109643"}],"wp:featuredmedia":[{"embeddable":true,"href":"https:\/\/nvnoticias.mx\/index.php\/wp-json\/wp\/v2\/media\/108021"}],"wp:attachment":[{"href":"https:\/\/nvnoticias.mx\/index.php\/wp-json\/wp\/v2\/media?parent=109637"}],"wp:term":[{"taxonomy":"category","embeddable":true,"href":"https:\/\/nvnoticias.mx\/index.php\/wp-json\/wp\/v2\/categories?post=109637"},{"taxonomy":"post_tag","embeddable":true,"href":"https:\/\/nvnoticias.mx\/index.php\/wp-json\/wp\/v2\/tags?post=109637"}],"curies":[{"name":"wp","href":"https:\/\/api.w.org\/{rel}","templated":true}]}}