{"id":109556,"date":"2023-06-07T17:33:06","date_gmt":"2023-06-07T22:33:06","guid":{"rendered":"https:\/\/nvnoticias.mx\/?p=109556"},"modified":"2023-06-07T17:35:51","modified_gmt":"2023-06-07T22:35:51","slug":"colapsa-nuevamente-elevador-del-hospital-infantil","status":"publish","type":"post","link":"https:\/\/nvnoticias.mx\/index.php\/2023\/06\/07\/colapsa-nuevamente-elevador-del-hospital-infantil\/","title":{"rendered":"Colapsa nuevamente elevador del Hospital Infantil"},"content":{"rendered":"\n<p><strong>Jes\u00fas Utrilla \/ NV Noticias<\/strong><\/p>\n\n\n\n<p>Por tercera vez en este 2023, colaps\u00f3 el elevador del Hospital Infantil ciudad de Veracruz, se trat\u00f3 del equipo que se encuentra en la parte trasera del nosocomio. <\/p>\n\n\n\n<p>La ca\u00edda del elevador se suscit\u00f3 el pasado s\u00e1bado 3 de junio alrededor de las 10 de la ma\u00f1ana, lo cual propici\u00f3 que cayera del quinto al cuarto piso, saliendo lesionada una trabajadora del \u00e1rea de cocina. <\/p>\n\n\n\n<p>Eva Mar\u00eda De la Cruz Rodr\u00edguez, colaboradora de cocina en fin de semana, cay\u00f3 con ollas y dem\u00e1s art\u00edculos con los que se transportaba, causando un esguince cervical grado 2 y tuvo que ser atendida de manera urgente por el Hospital de Alta Especialidad del Issste. <\/p>\n\n\n\n<p>El elevador colapsado funciona para pacientes y colaboradores, poniendo en riesgo total a cualquier persona que lo ocupe. <\/p>\n\n\n\n<p>Trabajadores del nosocomio aseguran que muchos colaboradores prefieren usar las escaleras para evitar salir lastimado, ya que varios han sido los trabajadores del hospital que se han visto afectados. <\/p>\n\n\n\n<p>Lamentaron que las autoridades del Hospital de Alta Especialidad de Veracruz (HAEV) no est\u00e9n previniendo esta situaci\u00f3n.<\/p>\n\n\n\n<p>Cabe destacar que apenas hace unos d\u00edas el secretario de Salud, Gerardo Diaz Morales asegur\u00f3 que la empresa OTIS, encargada del mantenimiento de los elevadores seguir\u00eda demandada por los colapsos que se han presentado, sin embargo, no hay soluciones y pacientes y colaboradores siguen en riesgo latente.  <\/p>\n\n\n\n<p>Pidieron trabajadores se pueda corregir esta situaci\u00f3n, advierten que podr\u00edan manifestarse en breve debido al riesgo que est\u00e1n siendo objeto.<\/p>\n","protected":false},"excerpt":{"rendered":"<p>Jes\u00fas Utrilla \/ NV Noticias Por tercera vez en este 2023, colaps\u00f3 el elevador del Hospital Infantil ciudad de Veracruz, se trat\u00f3 del equipo que se encuentra en la parte trasera del nosocomio. La ca\u00edda del elevador se suscit\u00f3 el pasado s\u00e1bado 3 de junio alrededor de las 10 de la ma\u00f1ana, lo cual propici\u00f3 [&hellip;]<\/p>\n","protected":false},"author":8,"featured_media":109557,"comment_status":"open","ping_status":"open","sticky":false,"template":"","format":"standard","meta":{"_monsterinsights_skip_tracking":false,"_monsterinsights_sitenote_active":false,"_monsterinsights_sitenote_note":"","_monsterinsights_sitenote_category":0,"footnotes":""},"categories":[154],"tags":[24680,4389],"class_list":["post-109556","post","type-post","status-publish","format-standard","has-post-thumbnail","hentry","category-veracruz","tag-elevador","tag-hospital-infantil-de-veracruz","wp-image-borders"],"amp_enabled":true,"_links":{"self":[{"href":"https:\/\/nvnoticias.mx\/index.php\/wp-json\/wp\/v2\/posts\/109556","targetHints":{"allow":["GET"]}}],"collection":[{"href":"https:\/\/nvnoticias.mx\/index.php\/wp-json\/wp\/v2\/posts"}],"about":[{"href":"https:\/\/nvnoticias.mx\/index.php\/wp-json\/wp\/v2\/types\/post"}],"author":[{"embeddable":true,"href":"https:\/\/nvnoticias.mx\/index.php\/wp-json\/wp\/v2\/users\/8"}],"replies":[{"embeddable":true,"href":"https:\/\/nvnoticias.mx\/index.php\/wp-json\/wp\/v2\/comments?post=109556"}],"version-history":[{"count":1,"href":"https:\/\/nvnoticias.mx\/index.php\/wp-json\/wp\/v2\/posts\/109556\/revisions"}],"predecessor-version":[{"id":109558,"href":"https:\/\/nvnoticias.mx\/index.php\/wp-json\/wp\/v2\/posts\/109556\/revisions\/109558"}],"wp:featuredmedia":[{"embeddable":true,"href":"https:\/\/nvnoticias.mx\/index.php\/wp-json\/wp\/v2\/media\/109557"}],"wp:attachment":[{"href":"https:\/\/nvnoticias.mx\/index.php\/wp-json\/wp\/v2\/media?parent=109556"}],"wp:term":[{"taxonomy":"category","embeddable":true,"href":"https:\/\/nvnoticias.mx\/index.php\/wp-json\/wp\/v2\/categories?post=109556"},{"taxonomy":"post_tag","embeddable":true,"href":"https:\/\/nvnoticias.mx\/index.php\/wp-json\/wp\/v2\/tags?post=109556"}],"curies":[{"name":"wp","href":"https:\/\/api.w.org\/{rel}","templated":true}]}}